{"id":1006,"date":"2019-05-01T09:44:28","date_gmt":"2019-05-01T07:44:28","guid":{"rendered":"http:\/\/junge-herzen-bayern.com\/?p=1006"},"modified":"2019-05-01T09:44:28","modified_gmt":"2019-05-01T07:44:28","slug":"kinder-in-gefahr-pflegenotstand-stoppen","status":"publish","type":"post","link":"https:\/\/junge-herzen-bayern.com\/?p=1006","title":{"rendered":"Kinder in Gefahr \u2013 Pflegenotstand stoppen!"},"content":{"rendered":"<p><strong><a href=\"https:\/\/junge-herzen-bayern.com\/wp-content\/uploads\/2019\/05\/Gelbwesten-Daumen-runter_klein.jpg\"><img decoding=\"async\" loading=\"lazy\" class=\"size-medium wp-image-1007 alignright\" src=\"https:\/\/junge-herzen-bayern.com\/wp-content\/uploads\/2019\/05\/Gelbwesten-Daumen-runter_klein-300x300.jpg\" alt=\"\" width=\"300\" height=\"300\" srcset=\"https:\/\/junge-herzen-bayern.com\/wp-content\/uploads\/2019\/05\/Gelbwesten-Daumen-runter_klein-300x300.jpg 300w, https:\/\/junge-herzen-bayern.com\/wp-content\/uploads\/2019\/05\/Gelbwesten-Daumen-runter_klein-150x150.jpg 150w, https:\/\/junge-herzen-bayern.com\/wp-content\/uploads\/2019\/05\/Gelbwesten-Daumen-runter_klein-1024x1019.jpg 1024w, https:\/\/junge-herzen-bayern.com\/wp-content\/uploads\/2019\/05\/Gelbwesten-Daumen-runter_klein.jpg 1417w\" sizes=\"(max-width: 300px) 100vw, 300px\" \/><\/a>Wir m\u00f6chten Euch gerne auf eine aktuelle Aktion des BVHK hinweisen:<\/strong><\/p>\n<p>Der Pflegenotstand betrifft auch Kinder, nicht nur kranke und \u00e4ltere Menschen:<\/p>\n<p>Betten auf Kinderintensivstationen m\u00fcssen geschlossen werden, weil Kinderpflegekr\u00e4fte fehlen. In der Kinderherzchirurgie m\u00fcssen dringend notwendige Herzoperationen abgesagt bzw. um mehrere Monate verschoben werden. Solche dramatischen F\u00e4lle sind inzwischen tagt\u00e4gliche Praxis. Nicht wenige Familien sind davon sogar mehrfach betroffen.<\/p>\n<p>Wir appellieren vor allem an die <strong>Krankenh\u00e4user<\/strong> und <strong>L\u00e4nderregierungen<\/strong>, den <strong>Pflegenotstand auf den Kinderintensivstationen <\/strong>anzupacken, um derzeit oft lebensbedrohliche Situationen abzustellen und das Leid der Kinder und deren Familien zu vermindern.<\/p>\n<p><!-- .et_pb_text -->Bitte schlie\u00dft euch unserer\u00a0<strong>Demonstration an am 04.05.2019<\/strong>\u00a0um 16 Uhr, im Anschluss an unseren Aktionstag \u201eHerz zum Anfassen\u201c in K\u00f6ln-Deutz\u00a0<a href=\"https:\/\/www.bvhk.de\/veranstaltungen\/familienangebote\/aktionstag2019\/\">https:\/\/www.bvhk.de\/veranstaltungen\/familienangebote\/aktionstag2019\/\u00a0<\/a><\/p>\n","protected":false},"excerpt":{"rendered":"<p>Wir m\u00f6chten Euch gerne auf eine aktuelle Aktion des BVHK hinweisen: Der Pflegenotstand betrifft auch Kinder, nicht nur kranke und \u00e4ltere Menschen: Betten auf Kinderintensivstationen m\u00fcssen geschlossen werden, weil Kinderpflegekr\u00e4fte fehlen. In der Kinderherzchirurgie m\u00fcssen dringend notwendige Herzoperationen abgesagt bzw. &hellip; <a href=\"https:\/\/junge-herzen-bayern.com\/?p=1006\">Weiterlesen <span class=\"meta-nav\">&rarr;<\/span><\/a><\/p>\n","protected":false},"author":3,"featured_media":0,"comment_status":"open","ping_status":"open","sticky":false,"template":"","format":"standard","meta":{"footnotes":""},"categories":[3],"tags":[],"_links":{"self":[{"href":"https:\/\/junge-herzen-bayern.com\/index.php?rest_route=\/wp\/v2\/posts\/1006"}],"collection":[{"href":"https:\/\/junge-herzen-bayern.com\/index.php?rest_route=\/wp\/v2\/posts"}],"about":[{"href":"https:\/\/junge-herzen-bayern.com\/index.php?rest_route=\/wp\/v2\/types\/post"}],"author":[{"embeddable":true,"href":"https:\/\/junge-herzen-bayern.com\/index.php?rest_route=\/wp\/v2\/users\/3"}],"replies":[{"embeddable":true,"href":"https:\/\/junge-herzen-bayern.com\/index.php?rest_route=%2Fwp%2Fv2%2Fcomments&post=1006"}],"version-history":[{"count":3,"href":"https:\/\/junge-herzen-bayern.com\/index.php?rest_route=\/wp\/v2\/posts\/1006\/revisions"}],"predecessor-version":[{"id":1010,"href":"https:\/\/junge-herzen-bayern.com\/index.php?rest_route=\/wp\/v2\/posts\/1006\/revisions\/1010"}],"wp:attachment":[{"href":"https:\/\/junge-herzen-bayern.com\/index.php?rest_route=%2Fwp%2Fv2%2Fmedia&parent=1006"}],"wp:term":[{"taxonomy":"category","embeddable":true,"href":"https:\/\/junge-herzen-bayern.com\/index.php?rest_route=%2Fwp%2Fv2%2Fcategories&post=1006"},{"taxonomy":"post_tag","embeddable":true,"href":"https:\/\/junge-herzen-bayern.com\/index.php?rest_route=%2Fwp%2Fv2%2Ftags&post=1006"}],"curies":[{"name":"wp","href":"https:\/\/api.w.org\/{rel}","templated":true}]}}