{"id":1037,"date":"2019-10-07T14:55:56","date_gmt":"2019-10-07T12:55:56","guid":{"rendered":"http:\/\/junge-herzen-bayern.com\/?p=1037"},"modified":"2019-10-07T14:55:56","modified_gmt":"2019-10-07T12:55:56","slug":"der-bvhk-uebergibt-petition-kinder-in-gefahr-pflegenotstand-stoppen","status":"publish","type":"post","link":"https:\/\/junge-herzen-bayern.com\/?p=1037","title":{"rendered":"Der BVHK \u00fcbergibt Petition: Kinder in Gefahr &#8211; Pflegenotstand stoppen"},"content":{"rendered":"<p>Am 25.09.2019 \u00fcbergaben \u00a0Prof. Elisabeth Sticker und Hermine Nock vom BVHK\u00a0 \u00fcber 17.200 Unterschriften an Marian Wendt vom Petitionsausschuss des Deutschen Bundestages &#8211;\u00a0gemeinsam\u00a0mit vielen potentiell gef\u00e4hrdeten Berliner Kindern, PlegerInnen, \u00c4rztinnen und Repr\u00e4sentantInnen von openpetition,\u00a0die aus Solidarit\u00e4t dabei waren. Dabei konnte dank\u00a0der vielen Unterst\u00fctzerinnen und Unterst\u00fctzer\u00a0das urspr\u00fcngliche Ziel von 10.000 Unterschriften weit \u00fcbertroffen werden.<\/p>\n<p>In ganz Deutschland m\u00fcssen Betten auf Kinderintensivstationen geschlossen werden, weil Kinderpflegekr\u00e4fte fehlen. In der Kinderherzchirurgie m\u00fcssen dringend notwendige Herzoperationen abgesagt bzw. um mehrere Monate verschoben werden. Aber auch bislang gesunde Kinder ben\u00f6tigen nach Unf\u00e4llen von einer Sekunde auf die andere eine akute Behandlung auf einer Kinder-Intensivstation. Wir k\u00e4mpfen \u2013 nicht nur mit dieser Petition \u2013 daf\u00fcr, dass dieser Missstand ein Ende hat und dass \u2026<\/p>\n<p><!--more--><\/p>\n<ol>\n<li>Krankenpflegeschulen ausreichend Nachwuchs f\u00fcr den Kinderbereich ausbilden insbesondere vor dem Hintergrund der k\u00fcnftigen generalistischen Ausbildung.<\/li>\n<li>Pflegekr\u00e4fte besser bezahlt werden und mehr Befugnisse bekommen.<\/li>\n<li>g\u00fcnstige Konditionen geschaffen werden, damit qualifizierte\u00a0Kr\u00e4fte\u00a0nach ihrer Familienzeit in die Pflege zur\u00fcckkehren k\u00f6nnen (z.B. familienfreundliche Arbeitsbedingungen).<\/li>\n<li>die Integration und Anerkennung von Pflegekr\u00e4ften, insbesondere mit Erfahrungen im Kinderbereich, vereinfacht wird.<\/li>\n<li>das von uns entwickelte Kriseninterventionsprogramm finanziert wird, um damit die Pflegenden vor Burn-out und \u201eBerufsflucht\u201c zu sch\u00fctzen.<\/li>\n<\/ol>\n<p>Mehr dazu auf den Seiten des <a href=\"https:\/\/www.bvhk.de\/kinder-in-gefahr-pflegenotstand-stoppen\/\">BVHK<\/a>.<\/p>\n<p>&nbsp;<\/p>\n<p>&nbsp;<\/p>\n","protected":false},"excerpt":{"rendered":"<p>Am 25.09.2019 \u00fcbergaben \u00a0Prof. Elisabeth Sticker und Hermine Nock vom BVHK\u00a0 \u00fcber 17.200 Unterschriften an Marian Wendt vom Petitionsausschuss des Deutschen Bundestages &#8211;\u00a0gemeinsam\u00a0mit vielen potentiell gef\u00e4hrdeten Berliner Kindern, PlegerInnen, \u00c4rztinnen und Repr\u00e4sentantInnen von openpetition,\u00a0die aus Solidarit\u00e4t dabei waren. Dabei konnte &hellip; <a href=\"https:\/\/junge-herzen-bayern.com\/?p=1037\">Weiterlesen <span class=\"meta-nav\">&rarr;<\/span><\/a><\/p>\n","protected":false},"author":3,"featured_media":0,"comment_status":"open","ping_status":"open","sticky":false,"template":"","format":"standard","meta":{"footnotes":""},"categories":[3],"tags":[],"_links":{"self":[{"href":"https:\/\/junge-herzen-bayern.com\/index.php?rest_route=\/wp\/v2\/posts\/1037"}],"collection":[{"href":"https:\/\/junge-herzen-bayern.com\/index.php?rest_route=\/wp\/v2\/posts"}],"about":[{"href":"https:\/\/junge-herzen-bayern.com\/index.php?rest_route=\/wp\/v2\/types\/post"}],"author":[{"embeddable":true,"href":"https:\/\/junge-herzen-bayern.com\/index.php?rest_route=\/wp\/v2\/users\/3"}],"replies":[{"embeddable":true,"href":"https:\/\/junge-herzen-bayern.com\/index.php?rest_route=%2Fwp%2Fv2%2Fcomments&post=1037"}],"version-history":[{"count":3,"href":"https:\/\/junge-herzen-bayern.com\/index.php?rest_route=\/wp\/v2\/posts\/1037\/revisions"}],"predecessor-version":[{"id":1040,"href":"https:\/\/junge-herzen-bayern.com\/index.php?rest_route=\/wp\/v2\/posts\/1037\/revisions\/1040"}],"wp:attachment":[{"href":"https:\/\/junge-herzen-bayern.com\/index.php?rest_route=%2Fwp%2Fv2%2Fmedia&parent=1037"}],"wp:term":[{"taxonomy":"category","embeddable":true,"href":"https:\/\/junge-herzen-bayern.com\/index.php?rest_route=%2Fwp%2Fv2%2Fcategories&post=1037"},{"taxonomy":"post_tag","embeddable":true,"href":"https:\/\/junge-herzen-bayern.com\/index.php?rest_route=%2Fwp%2Fv2%2Ftags&post=1037"}],"curies":[{"name":"wp","href":"https:\/\/api.w.org\/{rel}","templated":true}]}}