{"id":1064,"date":"2020-02-07T13:56:10","date_gmt":"2020-02-07T12:56:10","guid":{"rendered":"http:\/\/junge-herzen-bayern.com\/?p=1064"},"modified":"2020-09-08T09:12:42","modified_gmt":"2020-09-08T07:12:42","slug":"reitfreizeit-in-den-pfingstferien","status":"publish","type":"post","link":"https:\/\/junge-herzen-bayern.com\/?p=1064","title":{"rendered":"REITFREIZEIT JETZT IN DEN HERBSTFERIEN: noch freie Pl\u00e4tze"},"content":{"rendered":"<p>Weil es im letzten Jahr so sch\u00f6n war, gibt es auch 2020 wieder eine Reitwoche. Auf dem R\u00fccken\u00a0gutm\u00fctiger Pferde und mit medizinischer Begleitung k\u00f6nnen auch Kinder und Jugendliche mit komplexen Herzfehlern einige unvergessliche Ferientage am Fu\u00dfe des Wendelsteins verleben &#8211; nat\u00fcrlich wieder mit einem\u00a0spannenden Rahmenprogramm.<\/p>\n<p><strong>Reitfreizeit und Geschwister-Reitfreizeit <\/strong>f\u00fcr alle Kinder und Jugendliche von\u00a08-18\u00a0Jahren\u00a0mit angeborenen Herzfehlern und\/oder deren Geschwister.<\/p>\n<p>Wann: <del>01.-06. Juni <\/del>bayerische\u00a0Herbstferien 2020<br \/>\n<a href=\"https:\/\/www.ponyreithof.de\/\">Wo: Ponyreithof St. Margarethen, 83098 Brannenburg<\/a><\/p>\n<p>Weitere Informationen und Details zur Anmeldung finden sich im <a href=\"https:\/\/junge-herzen-bayern.com\/wp-content\/uploads\/2020\/02\/Flyer-reiten-geschwister_2020_v3-komprimiert_klein.pdf\">Flyer<\/a>.<\/p>\n<p>&nbsp;<\/p>\n","protected":false},"excerpt":{"rendered":"<p>Weil es im letzten Jahr so sch\u00f6n war, gibt es auch 2020 wieder eine Reitwoche. Auf dem R\u00fccken\u00a0gutm\u00fctiger Pferde und mit medizinischer Begleitung k\u00f6nnen auch Kinder und Jugendliche mit komplexen Herzfehlern einige unvergessliche Ferientage am Fu\u00dfe des Wendelsteins verleben &#8211; &hellip; <a href=\"https:\/\/junge-herzen-bayern.com\/?p=1064\">Weiterlesen <span class=\"meta-nav\">&rarr;<\/span><\/a><\/p>\n","protected":false},"author":3,"featured_media":0,"comment_status":"open","ping_status":"open","sticky":false,"template":"","format":"standard","meta":{"footnotes":""},"categories":[1],"tags":[],"_links":{"self":[{"href":"https:\/\/junge-herzen-bayern.com\/index.php?rest_route=\/wp\/v2\/posts\/1064"}],"collection":[{"href":"https:\/\/junge-herzen-bayern.com\/index.php?rest_route=\/wp\/v2\/posts"}],"about":[{"href":"https:\/\/junge-herzen-bayern.com\/index.php?rest_route=\/wp\/v2\/types\/post"}],"author":[{"embeddable":true,"href":"https:\/\/junge-herzen-bayern.com\/index.php?rest_route=\/wp\/v2\/users\/3"}],"replies":[{"embeddable":true,"href":"https:\/\/junge-herzen-bayern.com\/index.php?rest_route=%2Fwp%2Fv2%2Fcomments&post=1064"}],"version-history":[{"count":6,"href":"https:\/\/junge-herzen-bayern.com\/index.php?rest_route=\/wp\/v2\/posts\/1064\/revisions"}],"predecessor-version":[{"id":1086,"href":"https:\/\/junge-herzen-bayern.com\/index.php?rest_route=\/wp\/v2\/posts\/1064\/revisions\/1086"}],"wp:attachment":[{"href":"https:\/\/junge-herzen-bayern.com\/index.php?rest_route=%2Fwp%2Fv2%2Fmedia&parent=1064"}],"wp:term":[{"taxonomy":"category","embeddable":true,"href":"https:\/\/junge-herzen-bayern.com\/index.php?rest_route=%2Fwp%2Fv2%2Fcategories&post=1064"},{"taxonomy":"post_tag","embeddable":true,"href":"https:\/\/junge-herzen-bayern.com\/index.php?rest_route=%2Fwp%2Fv2%2Ftags&post=1064"}],"curies":[{"name":"wp","href":"https:\/\/api.w.org\/{rel}","templated":true}]}}