{"id":1202,"date":"2022-02-26T21:16:59","date_gmt":"2022-02-26T20:16:59","guid":{"rendered":"https:\/\/junge-herzen-bayern.com\/?p=1202"},"modified":"2022-02-26T21:18:17","modified_gmt":"2022-02-26T20:18:17","slug":"berg-wochenende-fuer-herzkind-papas","status":"publish","type":"post","link":"https:\/\/junge-herzen-bayern.com\/?p=1202","title":{"rendered":"Berg-Wochenende f\u00fcr Herzkind-Papas"},"content":{"rendered":"\n<p>Ende September ruft der Latschenkopf! Egal ob ihr steil in die Wand gehen wollt, lieber gem\u00fctlich spazierend die Aussicht erkunden m\u00f6chtet oder eurem Mountainbike mal wieder Auslauf g\u00f6nnen wollt, die Bayernh\u00fctte ist der perfekte Ausgangspunkt. Nach den Touren laden dann Sauna und Au\u00dfenbar mit Bergpanorama zum gem\u00fctlichen Beisammensein ein.<\/p>\n\n\n\n<p>Wann? 30.09 &#8211; 02.10.2022<\/p>\n\n\n\n<p>Wo? <a href=\"https:\/\/bayernhuette.com\" data-type=\"URL\" data-id=\"https:\/\/bayernhuette.com\">Bayernh\u00fctte am Brauneck<\/a><\/p>\n\n\n\n<p>Weitere Informationen und Details zur Anmeldung findet ihr im <a href=\"https:\/\/junge-herzen-bayern.com\/wp-content\/uploads\/2022\/02\/Flyer-Aushang_maenner-we_web.pdf\" data-type=\"URL\" data-id=\"https:\/\/junge-herzen-bayern.com\/wp-content\/uploads\/2022\/02\/Flyer-Aushang_maenner-we_web.pdf\">Flyer<\/a>.<\/p>\n","protected":false},"excerpt":{"rendered":"<p>Ende September ruft der Latschenkopf! Egal ob ihr steil in die Wand gehen wollt, lieber gem\u00fctlich spazierend die Aussicht erkunden m\u00f6chtet oder eurem Mountainbike mal wieder Auslauf g\u00f6nnen wollt, die Bayernh\u00fctte ist der perfekte Ausgangspunkt. Nach den Touren laden dann &hellip; <a href=\"https:\/\/junge-herzen-bayern.com\/?p=1202\">Weiterlesen <span class=\"meta-nav\">&rarr;<\/span><\/a><\/p>\n","protected":false},"author":9,"featured_media":0,"comment_status":"open","ping_status":"open","sticky":false,"template":"","format":"standard","meta":{"footnotes":""},"categories":[1],"tags":[23,19,24,22,21,20],"_links":{"self":[{"href":"https:\/\/junge-herzen-bayern.com\/index.php?rest_route=\/wp\/v2\/posts\/1202"}],"collection":[{"href":"https:\/\/junge-herzen-bayern.com\/index.php?rest_route=\/wp\/v2\/posts"}],"about":[{"href":"https:\/\/junge-herzen-bayern.com\/index.php?rest_route=\/wp\/v2\/types\/post"}],"author":[{"embeddable":true,"href":"https:\/\/junge-herzen-bayern.com\/index.php?rest_route=\/wp\/v2\/users\/9"}],"replies":[{"embeddable":true,"href":"https:\/\/junge-herzen-bayern.com\/index.php?rest_route=%2Fwp%2Fv2%2Fcomments&post=1202"}],"version-history":[{"count":3,"href":"https:\/\/junge-herzen-bayern.com\/index.php?rest_route=\/wp\/v2\/posts\/1202\/revisions"}],"predecessor-version":[{"id":1205,"href":"https:\/\/junge-herzen-bayern.com\/index.php?rest_route=\/wp\/v2\/posts\/1202\/revisions\/1205"}],"wp:attachment":[{"href":"https:\/\/junge-herzen-bayern.com\/index.php?rest_route=%2Fwp%2Fv2%2Fmedia&parent=1202"}],"wp:term":[{"taxonomy":"category","embeddable":true,"href":"https:\/\/junge-herzen-bayern.com\/index.php?rest_route=%2Fwp%2Fv2%2Fcategories&post=1202"},{"taxonomy":"post_tag","embeddable":true,"href":"https:\/\/junge-herzen-bayern.com\/index.php?rest_route=%2Fwp%2Fv2%2Ftags&post=1202"}],"curies":[{"name":"wp","href":"https:\/\/api.w.org\/{rel}","templated":true}]}}