{"id":1374,"date":"2022-10-06T21:40:19","date_gmt":"2022-10-06T19:40:19","guid":{"rendered":"https:\/\/junge-herzen-bayern.com\/?p=1374"},"modified":"2022-10-06T21:40:19","modified_gmt":"2022-10-06T19:40:19","slug":"papa-wochenende-mit-alpenblick","status":"publish","type":"post","link":"https:\/\/junge-herzen-bayern.com\/?p=1374","title":{"rendered":"Papa Wochenende mit Alpenblick"},"content":{"rendered":"\n<p>Ende September trotzte eine Gruppe unserer Herz-Papas dem Ruf des letzten Wiesn-Wochenendes und machte sich auf, das Brauneck zu erklimmen, in der <a href=\"https:\/\/bayernhuette.com\/\">BayernH\u00fctte<\/a> einzukehren und drei Tage zu verweilen.<\/p>\n\n\n\n<figure class=\"wp-block-gallery has-nested-images columns-default is-cropped wp-block-gallery-1 is-layout-flex wp-block-gallery-is-layout-flex\">\n<figure class=\"wp-block-image size-large\"><a href=\"https:\/\/junge-herzen-bayern.com\/wp-content\/uploads\/2022\/10\/signal-2022-10-01-09-12-34-548-e1665085129440.jpg\"><img decoding=\"async\" loading=\"lazy\" width=\"1715\" height=\"1152\" data-id=\"1376\" src=\"https:\/\/junge-herzen-bayern.com\/wp-content\/uploads\/2022\/10\/signal-2022-10-01-09-12-34-548-e1665085129440.jpg\" alt=\"\" class=\"wp-image-1376\" srcset=\"https:\/\/junge-herzen-bayern.com\/wp-content\/uploads\/2022\/10\/signal-2022-10-01-09-12-34-548-e1665085129440.jpg 1715w, https:\/\/junge-herzen-bayern.com\/wp-content\/uploads\/2022\/10\/signal-2022-10-01-09-12-34-548-e1665085129440-300x202.jpg 300w, https:\/\/junge-herzen-bayern.com\/wp-content\/uploads\/2022\/10\/signal-2022-10-01-09-12-34-548-e1665085129440-1024x688.jpg 1024w, https:\/\/junge-herzen-bayern.com\/wp-content\/uploads\/2022\/10\/signal-2022-10-01-09-12-34-548-e1665085129440-768x516.jpg 768w, https:\/\/junge-herzen-bayern.com\/wp-content\/uploads\/2022\/10\/signal-2022-10-01-09-12-34-548-e1665085129440-1536x1032.jpg 1536w\" sizes=\"(max-width: 1715px) 100vw, 1715px\" \/><\/a><\/figure>\n\n\n\n<figure class=\"wp-block-image size-large\"><a href=\"https:\/\/junge-herzen-bayern.com\/wp-content\/uploads\/2022\/10\/signal-2022-10-02-10-42-58-225.jpg\"><img decoding=\"async\" loading=\"lazy\" width=\"2048\" height=\"1536\" data-id=\"1379\" src=\"https:\/\/junge-herzen-bayern.com\/wp-content\/uploads\/2022\/10\/signal-2022-10-02-10-42-58-225.jpg\" alt=\"\" class=\"wp-image-1379\" srcset=\"https:\/\/junge-herzen-bayern.com\/wp-content\/uploads\/2022\/10\/signal-2022-10-02-10-42-58-225.jpg 2048w, https:\/\/junge-herzen-bayern.com\/wp-content\/uploads\/2022\/10\/signal-2022-10-02-10-42-58-225-300x225.jpg 300w, https:\/\/junge-herzen-bayern.com\/wp-content\/uploads\/2022\/10\/signal-2022-10-02-10-42-58-225-1024x768.jpg 1024w, https:\/\/junge-herzen-bayern.com\/wp-content\/uploads\/2022\/10\/signal-2022-10-02-10-42-58-225-768x576.jpg 768w, https:\/\/junge-herzen-bayern.com\/wp-content\/uploads\/2022\/10\/signal-2022-10-02-10-42-58-225-1536x1152.jpg 1536w\" sizes=\"(max-width: 2048px) 100vw, 2048px\" \/><\/a><\/figure>\n<\/figure>\n\n\n\n<p>Hier konnten die Papas fern vom Stress des Berufs- und Familienalltags die Seele baumeln lassen. Und w\u00e4hrend nasses Herbstwetter drau\u00dfen tobte, konnten sich die Papas drinnen \u00fcber Ihre Erfahrungen als Herz-Eltern austauschen, neue Bekanntschaften schlie\u00dfen und alte Freundschaften pflegen. <\/p>\n\n\n\n<div class=\"wp-block-image\"><figure class=\"alignright size-large is-resized\"><a href=\"https:\/\/junge-herzen-bayern.com\/wp-content\/uploads\/2022\/10\/signal-2022-10-01-13-56-26-619-e1665084695767.jpg\"><img decoding=\"async\" loading=\"lazy\" src=\"https:\/\/junge-herzen-bayern.com\/wp-content\/uploads\/2022\/10\/signal-2022-10-01-13-56-26-619-e1665084695767-1024x540.jpg\" alt=\"\" class=\"wp-image-1378\" width=\"261\" height=\"137\" srcset=\"https:\/\/junge-herzen-bayern.com\/wp-content\/uploads\/2022\/10\/signal-2022-10-01-13-56-26-619-e1665084695767-1024x540.jpg 1024w, https:\/\/junge-herzen-bayern.com\/wp-content\/uploads\/2022\/10\/signal-2022-10-01-13-56-26-619-e1665084695767-300x158.jpg 300w, https:\/\/junge-herzen-bayern.com\/wp-content\/uploads\/2022\/10\/signal-2022-10-01-13-56-26-619-e1665084695767-768x405.jpg 768w, https:\/\/junge-herzen-bayern.com\/wp-content\/uploads\/2022\/10\/signal-2022-10-01-13-56-26-619-e1665084695767-1536x810.jpg 1536w, https:\/\/junge-herzen-bayern.com\/wp-content\/uploads\/2022\/10\/signal-2022-10-01-13-56-26-619-e1665084695767.jpg 2048w\" sizes=\"(max-width: 261px) 100vw, 261px\" \/><\/a><\/figure><\/div>\n\n\n\n<p>Schlie\u00dflich war Petrus der Truppe doch gewogen und lie\u00df sie zumindest am Samstagvormittag noch geschwind und trockenen Fu\u00dfes die drei \u201eHausgipfel\u201c erklimmen. Und auch wenn eine Unwetterwarnung das Wochenende schon am Sonntagmittag beendete, waren sich alle Teilnehmer einig: Ein Papa-Wochenende auf der Bayernh\u00fctte sollte auf jeden Fall wiederholt werden.<\/p>\n\n\n\n<p>An dieser Stelle m\u00f6chten wir uns recht herzlich beim Team der <a href=\"https:\/\/bayernhuette.com\/\">BayernH\u00fctte<\/a> und der Edith-Haberland-Wagner Stiftung f\u00fcr die Gastfreundschaft und Unterst\u00fctzung bedanken!<\/p>\n\n\n\n<figure class=\"wp-block-gallery has-nested-images columns-default is-cropped wp-block-gallery-3 is-layout-flex wp-block-gallery-is-layout-flex\">\n<figure class=\"wp-block-image size-large\"><a href=\"https:\/\/junge-herzen-bayern.com\/wp-content\/uploads\/2022\/10\/signal-2022-10-01-17-27-31-452-e1665084723789.jpg\"><img decoding=\"async\" loading=\"lazy\" width=\"1152\" height=\"1525\" data-id=\"1380\" src=\"https:\/\/junge-herzen-bayern.com\/wp-content\/uploads\/2022\/10\/signal-2022-10-01-17-27-31-452-e1665084723789.jpg\" alt=\"\" class=\"wp-image-1380\" srcset=\"https:\/\/junge-herzen-bayern.com\/wp-content\/uploads\/2022\/10\/signal-2022-10-01-17-27-31-452-e1665084723789.jpg 1152w, https:\/\/junge-herzen-bayern.com\/wp-content\/uploads\/2022\/10\/signal-2022-10-01-17-27-31-452-e1665084723789-227x300.jpg 227w, https:\/\/junge-herzen-bayern.com\/wp-content\/uploads\/2022\/10\/signal-2022-10-01-17-27-31-452-e1665084723789-774x1024.jpg 774w, https:\/\/junge-herzen-bayern.com\/wp-content\/uploads\/2022\/10\/signal-2022-10-01-17-27-31-452-e1665084723789-768x1017.jpg 768w\" sizes=\"(max-width: 1152px) 100vw, 1152px\" \/><\/a><\/figure>\n\n\n\n<figure class=\"wp-block-image size-large\"><a href=\"https:\/\/junge-herzen-bayern.com\/wp-content\/uploads\/2022\/10\/signal-2022-10-01-11-20-08-395-1-e1665084650838.jpg\"><img decoding=\"async\" loading=\"lazy\" width=\"1152\" height=\"1612\" data-id=\"1377\" src=\"https:\/\/junge-herzen-bayern.com\/wp-content\/uploads\/2022\/10\/signal-2022-10-01-11-20-08-395-1-e1665084650838.jpg\" alt=\"\" class=\"wp-image-1377\" srcset=\"https:\/\/junge-herzen-bayern.com\/wp-content\/uploads\/2022\/10\/signal-2022-10-01-11-20-08-395-1-e1665084650838.jpg 1152w, https:\/\/junge-herzen-bayern.com\/wp-content\/uploads\/2022\/10\/signal-2022-10-01-11-20-08-395-1-e1665084650838-214x300.jpg 214w, https:\/\/junge-herzen-bayern.com\/wp-content\/uploads\/2022\/10\/signal-2022-10-01-11-20-08-395-1-e1665084650838-732x1024.jpg 732w, https:\/\/junge-herzen-bayern.com\/wp-content\/uploads\/2022\/10\/signal-2022-10-01-11-20-08-395-1-e1665084650838-768x1075.jpg 768w, https:\/\/junge-herzen-bayern.com\/wp-content\/uploads\/2022\/10\/signal-2022-10-01-11-20-08-395-1-e1665084650838-1098x1536.jpg 1098w\" sizes=\"(max-width: 1152px) 100vw, 1152px\" \/><\/a><\/figure>\n<\/figure>\n","protected":false},"excerpt":{"rendered":"<p>Ende September trotzte eine Gruppe unserer Herz-Papas dem Ruf des letzten Wiesn-Wochenendes und machte sich auf, das Brauneck zu erklimmen, in der BayernH\u00fctte einzukehren und drei Tage zu verweilen. Hier konnten die Papas fern vom Stress des Berufs- und Familienalltags &hellip; <a href=\"https:\/\/junge-herzen-bayern.com\/?p=1374\">Weiterlesen <span class=\"meta-nav\">&rarr;<\/span><\/a><\/p>\n","protected":false},"author":9,"featured_media":0,"comment_status":"open","ping_status":"open","sticky":false,"template":"","format":"standard","meta":{"footnotes":""},"categories":[1],"tags":[],"_links":{"self":[{"href":"https:\/\/junge-herzen-bayern.com\/index.php?rest_route=\/wp\/v2\/posts\/1374"}],"collection":[{"href":"https:\/\/junge-herzen-bayern.com\/index.php?rest_route=\/wp\/v2\/posts"}],"about":[{"href":"https:\/\/junge-herzen-bayern.com\/index.php?rest_route=\/wp\/v2\/types\/post"}],"author":[{"embeddable":true,"href":"https:\/\/junge-herzen-bayern.com\/index.php?rest_route=\/wp\/v2\/users\/9"}],"replies":[{"embeddable":true,"href":"https:\/\/junge-herzen-bayern.com\/index.php?rest_route=%2Fwp%2Fv2%2Fcomments&post=1374"}],"version-history":[{"count":3,"href":"https:\/\/junge-herzen-bayern.com\/index.php?rest_route=\/wp\/v2\/posts\/1374\/revisions"}],"predecessor-version":[{"id":1382,"href":"https:\/\/junge-herzen-bayern.com\/index.php?rest_route=\/wp\/v2\/posts\/1374\/revisions\/1382"}],"wp:attachment":[{"href":"https:\/\/junge-herzen-bayern.com\/index.php?rest_route=%2Fwp%2Fv2%2Fmedia&parent=1374"}],"wp:term":[{"taxonomy":"category","embeddable":true,"href":"https:\/\/junge-herzen-bayern.com\/index.php?rest_route=%2Fwp%2Fv2%2Fcategories&post=1374"},{"taxonomy":"post_tag","embeddable":true,"href":"https:\/\/junge-herzen-bayern.com\/index.php?rest_route=%2Fwp%2Fv2%2Ftags&post=1374"}],"curies":[{"name":"wp","href":"https:\/\/api.w.org\/{rel}","templated":true}]}}