{"id":1432,"date":"2023-02-09T21:31:27","date_gmt":"2023-02-09T20:31:27","guid":{"rendered":"https:\/\/junge-herzen-bayern.com\/?p=1432"},"modified":"2023-02-27T21:31:51","modified_gmt":"2023-02-27T20:31:51","slug":"reitfreizeit-2023-noch-plaetze-frei","status":"publish","type":"post","link":"https:\/\/junge-herzen-bayern.com\/?p=1432","title":{"rendered":"Reitfreizeit 2023"},"content":{"rendered":"\n<p><img decoding=\"async\" loading=\"lazy\" src=\"https:\/\/junge-herzen-bayern.com\/wp-content\/uploads\/2023\/02\/Pferd.jpg\" alt=\"Gruppenfoto Schwimmfreizeit 2022\" width=\"140\" height=\"210\" style=\"float:right; margin-left: 15px;\" class=\"wp-image-1414\">Das Gl\u00fcck der Erde&#8230; liegt auch dieses Jahr f\u00fcr eine Woche in Brannenburg. Mitte August geht es f\u00fcr Kinder und Jugendliche mit Herzfehler und\/oder ihre Geschwister auf Reitfreizeit. In der Gemeinschaft mit Gleichaltrigen k\u00f6nnen sie neben Reitstunden das bunte Angebot des Ponyhof St Margarethen erkunden. Damit auch die Eltern weiter ruhig schlafen k\u00f6nnen, wird die Gruppe von Herzkindeltern betreut.<\/p>\n\n\n\n<p><strong>Wer?<\/strong> Alle Kinder und Jugendliche von 7-18 Jahren mit angeborenen Herzfehlern und\/oder deren Geschwister<\/p>\n\n\n\n<p><img decoding=\"async\" loading=\"lazy\" src=\"https:\/\/junge-herzen-bayern.com\/wp-content\/uploads\/2023\/02\/haus-und-hof_streichelzoo.jpg\" alt=\"Gruppenfoto Schwimmfreizeit 2022\" width=\"140\" height=\"210\" style=\"float:left; margin-right: 15px;\" class=\"wp-image-1414\"><strong>Wann?<\/strong> 10. \u2013 17.08.2023<\/p>\n\n\n\n<p><strong>Wo?<\/strong> <a href=\"https:\/\/www.ponyreithof.de\/\" target=\"_blank\" rel=\"noreferrer noopener\">Ponyhof St. Margarethen, Brannenburg<\/a><\/p>\n\n\n\n<p>Weitere Informationen und Details zur Anmeldung findet ihr im <a href=\"https:\/\/junge-herzen-bayern.com\/wp-content\/uploads\/2023\/02\/Flyer-reiten-geschwister_2023_web.pdf\" target=\"_blank\" rel=\"noopener\">Flyer<\/a>.<\/p>\n","protected":false},"excerpt":{"rendered":"<p>Das Gl\u00fcck der Erde&#8230; liegt auch dieses Jahr f\u00fcr eine Woche in Brannenburg. Mitte August geht es f\u00fcr Kinder und Jugendliche mit Herzfehler und\/oder ihre Geschwister auf Reitfreizeit. In der Gemeinschaft mit Gleichaltrigen k\u00f6nnen sie neben Reitstunden das bunte Angebot &hellip; <a href=\"https:\/\/junge-herzen-bayern.com\/?p=1432\">Weiterlesen <span class=\"meta-nav\">&rarr;<\/span><\/a><\/p>\n","protected":false},"author":9,"featured_media":0,"comment_status":"open","ping_status":"open","sticky":false,"template":"","format":"standard","meta":{"footnotes":""},"categories":[1],"tags":[36,35,17,34],"_links":{"self":[{"href":"https:\/\/junge-herzen-bayern.com\/index.php?rest_route=\/wp\/v2\/posts\/1432"}],"collection":[{"href":"https:\/\/junge-herzen-bayern.com\/index.php?rest_route=\/wp\/v2\/posts"}],"about":[{"href":"https:\/\/junge-herzen-bayern.com\/index.php?rest_route=\/wp\/v2\/types\/post"}],"author":[{"embeddable":true,"href":"https:\/\/junge-herzen-bayern.com\/index.php?rest_route=\/wp\/v2\/users\/9"}],"replies":[{"embeddable":true,"href":"https:\/\/junge-herzen-bayern.com\/index.php?rest_route=%2Fwp%2Fv2%2Fcomments&post=1432"}],"version-history":[{"count":13,"href":"https:\/\/junge-herzen-bayern.com\/index.php?rest_route=\/wp\/v2\/posts\/1432\/revisions"}],"predecessor-version":[{"id":1451,"href":"https:\/\/junge-herzen-bayern.com\/index.php?rest_route=\/wp\/v2\/posts\/1432\/revisions\/1451"}],"wp:attachment":[{"href":"https:\/\/junge-herzen-bayern.com\/index.php?rest_route=%2Fwp%2Fv2%2Fmedia&parent=1432"}],"wp:term":[{"taxonomy":"category","embeddable":true,"href":"https:\/\/junge-herzen-bayern.com\/index.php?rest_route=%2Fwp%2Fv2%2Fcategories&post=1432"},{"taxonomy":"post_tag","embeddable":true,"href":"https:\/\/junge-herzen-bayern.com\/index.php?rest_route=%2Fwp%2Fv2%2Ftags&post=1432"}],"curies":[{"name":"wp","href":"https:\/\/api.w.org\/{rel}","templated":true}]}}