{"id":1485,"date":"2023-06-20T20:18:09","date_gmt":"2023-06-20T18:18:09","guid":{"rendered":"https:\/\/junge-herzen-bayern.com\/?p=1485"},"modified":"2023-06-20T20:19:36","modified_gmt":"2023-06-20T18:19:36","slug":"rueckblick-schwimmfreizeit-2023","status":"publish","type":"post","link":"https:\/\/junge-herzen-bayern.com\/?p=1485","title":{"rendered":"R\u00fcckblick Schwimmfreizeit 2023"},"content":{"rendered":"\n<p>Erholt, braungebrannt, super-stolz auf das neue Schwimmabzeichen und manchmal auch etwas traurig die neu gewonnenen Freunde morgen nicht mehr direkt zum Fr\u00fchst\u00fcck wiederzusehen: So beendeten die Teilnehmer unsere diesj\u00e4hrige Schwimmfreizeit.<\/p>\n\n\n\n<div class=\"wp-block-media-text alignwide is-stacked-on-mobile\" style=\"grid-template-columns:23% auto\"><figure class=\"wp-block-media-text__media\"><img decoding=\"async\" loading=\"lazy\" width=\"1024\" height=\"1024\" src=\"https:\/\/junge-herzen-bayern.com\/wp-content\/uploads\/2023\/06\/IMG-20230610-WA0028-1024x1024.jpg\" alt=\"\" class=\"wp-image-1497 size-full\" srcset=\"https:\/\/junge-herzen-bayern.com\/wp-content\/uploads\/2023\/06\/IMG-20230610-WA0028-1024x1024.jpg 1024w, https:\/\/junge-herzen-bayern.com\/wp-content\/uploads\/2023\/06\/IMG-20230610-WA0028-300x300.jpg 300w, https:\/\/junge-herzen-bayern.com\/wp-content\/uploads\/2023\/06\/IMG-20230610-WA0028-150x150.jpg 150w, https:\/\/junge-herzen-bayern.com\/wp-content\/uploads\/2023\/06\/IMG-20230610-WA0028-768x768.jpg 768w, https:\/\/junge-herzen-bayern.com\/wp-content\/uploads\/2023\/06\/IMG-20230610-WA0028-1536x1536.jpg 1536w, https:\/\/junge-herzen-bayern.com\/wp-content\/uploads\/2023\/06\/IMG-20230610-WA0028.jpg 2048w\" sizes=\"(max-width: 1024px) 100vw, 1024px\" \/><\/figure><div class=\"wp-block-media-text__content\">\n<p style=\"font-size:15px\">Im Zentrum der Freizeit stand (wie der Name es schon verr\u00e4t) die Wassergew\u00f6hnung und Ausbau der schwimmerischen Leistung um den Kindern ein gesundes Vertrauen in die eigenen k\u00f6rperlichen &amp; geistigen F\u00e4higkeiten zu geben und ihnen gleichzeitig ein St\u00fcck mehr gesellschaftliche Teilhabe zu erm\u00f6glichen.<\/p>\n<\/div><\/div>\n\n\n\n<p>Jedoch bot die Freizeit auch au\u00dferhalb des Schwimmbeckens t\u00e4glich wechselnde Angebote f\u00fcr alle Altersklassen. Schnuppersegeln, Bouldern, Rafting und Tanzstunden sind nur eine Auswahl aus dem Programm. Als Special Guest durften wir dieses Jahr <a href=\"http:\/\/www.stianghausratschn.bayern\/des-mach-i.htm\">de Stianghausratschn<\/a> begr\u00fc\u00dfen, die eine Exklusivvorstellung ihres Musik-Kabaretts zum Besten gab. Und die Kinder durften sich \u00fcber \u00dcberraschungsgeschenke der <a href=\"https:\/\/pumpisfuerherzis.de\/\">Pumpis f\u00fcr Herzis<\/a> freuen.<\/p>\n\n\n\n<p>F\u00fcr die medizinischen Betreuung durften wir Fr. Dr. Helga Prie\u00dfmann, Kinder\u00e4rztin &amp; Kinderkardiologin, in unseren Reihen begr\u00fc\u00dfen. Neben ihrem \u00e4rztlichen Einsatz in der ganzen Woche half sie den Herz-Kindern mehr \u00fcber ihre Herzfehler zu lernen und stellte sich unersch\u00f6pflich allen Fragen der kleinen Patienten und deren Geschwistern.<\/p>\n\n\n\n<p>Wir bedanken uns ganz herzlich bei:<\/p>\n\n\n\n<p><a href=\"https:\/\/chiemsee-schwimmkurse.de\/%20\">Birgit und Stefan Anzer<\/a> sowie den <a href=\"https:\/\/www.wasserwacht-prien.de\/events\/event\/\">Wasserwachtlern des DRK<\/a> f\u00fcr die Betreuung im und am Becken,<\/p>\n\n\n\n<p><a href=\"https:\/\/www.cyg.de\/Home,1\">Chiemsee Yachtschule Gollenshausen<\/a> f\u00fcr die Stunden auf dem See,<\/p>\n\n\n\n<p>Dem <a href=\"https:\/\/irmengard-hof.de\/\">Irmengardhof<\/a> f\u00fcr die erneute Gastfreundschaft,<\/p>\n\n\n\n<p><a href=\"http:\/\/www.stianghausratschn.bayern\/des-mach-i.htm\">De Stianghausratschn<\/a> f\u00fcr das Abendprogramm,<\/p>\n\n\n\n<p><a href=\"https:\/\/pumpisfuerherzis.de\/\">Pumpis f\u00fcr Herzis<\/a> f\u00fcr die Bettschlangen, Leseknochen und Co.,<\/p>\n\n\n\n<p><a href=\"https:\/\/unser-kinderarzt.de\/\">Fr. Dr. Helga Prie\u00dfmann<\/a> f\u00fcr die medizinische Betreuung<\/p>\n\n\n\n<p>\u2026und nat\u00fcrlich all den anderen Helfern vor und hinter den Kulissen, die mitgeholfen haben, diese Freizeit zu einem unvergesslichen Ereignis zu machen.<\/p>\n\n\n\n<p>Wir freuen uns auf\u2019s n\u00e4chste Jahr!<\/p>\n\n\n\n<figure class=\"wp-block-gallery has-nested-images columns-default is-cropped wp-block-gallery-1 is-layout-flex wp-block-gallery-is-layout-flex\">\n<figure class=\"wp-block-image size-large\"><a href=\"https:\/\/junge-herzen-bayern.com\/wp-content\/uploads\/2023\/06\/IMG-20230610-WA0030.jpg\"><img decoding=\"async\" loading=\"lazy\" width=\"1024\" height=\"1024\" data-id=\"1498\" src=\"https:\/\/junge-herzen-bayern.com\/wp-content\/uploads\/2023\/06\/IMG-20230610-WA0030-1024x1024.jpg\" alt=\"\" class=\"wp-image-1498\" srcset=\"https:\/\/junge-herzen-bayern.com\/wp-content\/uploads\/2023\/06\/IMG-20230610-WA0030-1024x1024.jpg 1024w, https:\/\/junge-herzen-bayern.com\/wp-content\/uploads\/2023\/06\/IMG-20230610-WA0030-300x300.jpg 300w, https:\/\/junge-herzen-bayern.com\/wp-content\/uploads\/2023\/06\/IMG-20230610-WA0030-150x150.jpg 150w, https:\/\/junge-herzen-bayern.com\/wp-content\/uploads\/2023\/06\/IMG-20230610-WA0030-768x768.jpg 768w, https:\/\/junge-herzen-bayern.com\/wp-content\/uploads\/2023\/06\/IMG-20230610-WA0030-1536x1536.jpg 1536w, https:\/\/junge-herzen-bayern.com\/wp-content\/uploads\/2023\/06\/IMG-20230610-WA0030.jpg 2048w\" sizes=\"(max-width: 1024px) 100vw, 1024px\" \/><\/a><\/figure>\n\n\n\n<figure class=\"wp-block-image size-large\"><a href=\"https:\/\/junge-herzen-bayern.com\/wp-content\/uploads\/2023\/06\/IMG-20230606-WA0000.jpg\"><img decoding=\"async\" loading=\"lazy\" width=\"1024\" height=\"768\" data-id=\"1500\" src=\"https:\/\/junge-herzen-bayern.com\/wp-content\/uploads\/2023\/06\/IMG-20230606-WA0000-1024x768.jpg\" alt=\"\" class=\"wp-image-1500\" srcset=\"https:\/\/junge-herzen-bayern.com\/wp-content\/uploads\/2023\/06\/IMG-20230606-WA0000-1024x768.jpg 1024w, https:\/\/junge-herzen-bayern.com\/wp-content\/uploads\/2023\/06\/IMG-20230606-WA0000-300x225.jpg 300w, https:\/\/junge-herzen-bayern.com\/wp-content\/uploads\/2023\/06\/IMG-20230606-WA0000-768x576.jpg 768w, https:\/\/junge-herzen-bayern.com\/wp-content\/uploads\/2023\/06\/IMG-20230606-WA0000-1536x1152.jpg 1536w, https:\/\/junge-herzen-bayern.com\/wp-content\/uploads\/2023\/06\/IMG-20230606-WA0000.jpg 2016w\" sizes=\"(max-width: 1024px) 100vw, 1024px\" \/><\/a><\/figure>\n\n\n\n<figure class=\"wp-block-image size-large\"><a href=\"https:\/\/junge-herzen-bayern.com\/wp-content\/uploads\/2023\/06\/IMG-20230605-WA0004.jpg\"><img decoding=\"async\" loading=\"lazy\" width=\"1024\" height=\"1024\" data-id=\"1487\" src=\"https:\/\/junge-herzen-bayern.com\/wp-content\/uploads\/2023\/06\/IMG-20230605-WA0004-1024x1024.jpg\" alt=\"\" class=\"wp-image-1487\" srcset=\"https:\/\/junge-herzen-bayern.com\/wp-content\/uploads\/2023\/06\/IMG-20230605-WA0004-1024x1024.jpg 1024w, https:\/\/junge-herzen-bayern.com\/wp-content\/uploads\/2023\/06\/IMG-20230605-WA0004-300x300.jpg 300w, https:\/\/junge-herzen-bayern.com\/wp-content\/uploads\/2023\/06\/IMG-20230605-WA0004-150x150.jpg 150w, https:\/\/junge-herzen-bayern.com\/wp-content\/uploads\/2023\/06\/IMG-20230605-WA0004-768x768.jpg 768w, https:\/\/junge-herzen-bayern.com\/wp-content\/uploads\/2023\/06\/IMG-20230605-WA0004-1536x1536.jpg 1536w, https:\/\/junge-herzen-bayern.com\/wp-content\/uploads\/2023\/06\/IMG-20230605-WA0004.jpg 2048w\" sizes=\"(max-width: 1024px) 100vw, 1024px\" \/><\/a><\/figure>\n\n\n\n<figure class=\"wp-block-image size-full\"><a href=\"https:\/\/junge-herzen-bayern.com\/wp-content\/uploads\/2023\/06\/IMG-20230608-WA0006.jpg\"><img decoding=\"async\" loading=\"lazy\" width=\"1024\" height=\"1024\" data-id=\"1501\" src=\"https:\/\/junge-herzen-bayern.com\/wp-content\/uploads\/2023\/06\/IMG-20230608-WA0006.jpg\" alt=\"\" class=\"wp-image-1501\" srcset=\"https:\/\/junge-herzen-bayern.com\/wp-content\/uploads\/2023\/06\/IMG-20230608-WA0006.jpg 1024w, https:\/\/junge-herzen-bayern.com\/wp-content\/uploads\/2023\/06\/IMG-20230608-WA0006-300x300.jpg 300w, https:\/\/junge-herzen-bayern.com\/wp-content\/uploads\/2023\/06\/IMG-20230608-WA0006-150x150.jpg 150w, https:\/\/junge-herzen-bayern.com\/wp-content\/uploads\/2023\/06\/IMG-20230608-WA0006-768x768.jpg 768w\" sizes=\"(max-width: 1024px) 100vw, 1024px\" \/><\/a><\/figure>\n\n\n\n<figure class=\"wp-block-image size-large\"><a href=\"https:\/\/junge-herzen-bayern.com\/wp-content\/uploads\/2023\/06\/IMG-20230607-WA0000.jpg\"><img decoding=\"async\" loading=\"lazy\" width=\"1024\" height=\"1024\" data-id=\"1491\" src=\"https:\/\/junge-herzen-bayern.com\/wp-content\/uploads\/2023\/06\/IMG-20230607-WA0000-1024x1024.jpg\" alt=\"\" class=\"wp-image-1491\" srcset=\"https:\/\/junge-herzen-bayern.com\/wp-content\/uploads\/2023\/06\/IMG-20230607-WA0000-1024x1024.jpg 1024w, https:\/\/junge-herzen-bayern.com\/wp-content\/uploads\/2023\/06\/IMG-20230607-WA0000-300x300.jpg 300w, https:\/\/junge-herzen-bayern.com\/wp-content\/uploads\/2023\/06\/IMG-20230607-WA0000-150x150.jpg 150w, https:\/\/junge-herzen-bayern.com\/wp-content\/uploads\/2023\/06\/IMG-20230607-WA0000-768x768.jpg 768w, https:\/\/junge-herzen-bayern.com\/wp-content\/uploads\/2023\/06\/IMG-20230607-WA0000-1536x1536.jpg 1536w, https:\/\/junge-herzen-bayern.com\/wp-content\/uploads\/2023\/06\/IMG-20230607-WA0000.jpg 2048w\" sizes=\"(max-width: 1024px) 100vw, 1024px\" \/><\/a><\/figure>\n\n\n\n<figure class=\"wp-block-image size-large\"><a href=\"https:\/\/junge-herzen-bayern.com\/wp-content\/uploads\/2023\/06\/IMG-20230607-WA0010.jpg\"><img decoding=\"async\" loading=\"lazy\" width=\"1024\" height=\"768\" data-id=\"1493\" src=\"https:\/\/junge-herzen-bayern.com\/wp-content\/uploads\/2023\/06\/IMG-20230607-WA0010-1024x768.jpg\" alt=\"\" class=\"wp-image-1493\" srcset=\"https:\/\/junge-herzen-bayern.com\/wp-content\/uploads\/2023\/06\/IMG-20230607-WA0010-1024x768.jpg 1024w, https:\/\/junge-herzen-bayern.com\/wp-content\/uploads\/2023\/06\/IMG-20230607-WA0010-300x225.jpg 300w, https:\/\/junge-herzen-bayern.com\/wp-content\/uploads\/2023\/06\/IMG-20230607-WA0010-768x576.jpg 768w, https:\/\/junge-herzen-bayern.com\/wp-content\/uploads\/2023\/06\/IMG-20230607-WA0010-1536x1152.jpg 1536w, https:\/\/junge-herzen-bayern.com\/wp-content\/uploads\/2023\/06\/IMG-20230607-WA0010.jpg 1824w\" sizes=\"(max-width: 1024px) 100vw, 1024px\" \/><\/a><\/figure>\n\n\n\n<figure class=\"wp-block-image size-large\"><a href=\"https:\/\/junge-herzen-bayern.com\/wp-content\/uploads\/2023\/06\/IMG-20230607-WA0005.jpg\"><img decoding=\"async\" loading=\"lazy\" width=\"1024\" height=\"1024\" data-id=\"1492\" src=\"https:\/\/junge-herzen-bayern.com\/wp-content\/uploads\/2023\/06\/IMG-20230607-WA0005-1024x1024.jpg\" alt=\"\" class=\"wp-image-1492\" srcset=\"https:\/\/junge-herzen-bayern.com\/wp-content\/uploads\/2023\/06\/IMG-20230607-WA0005-1024x1024.jpg 1024w, https:\/\/junge-herzen-bayern.com\/wp-content\/uploads\/2023\/06\/IMG-20230607-WA0005-300x300.jpg 300w, https:\/\/junge-herzen-bayern.com\/wp-content\/uploads\/2023\/06\/IMG-20230607-WA0005-150x150.jpg 150w, https:\/\/junge-herzen-bayern.com\/wp-content\/uploads\/2023\/06\/IMG-20230607-WA0005-768x768.jpg 768w, https:\/\/junge-herzen-bayern.com\/wp-content\/uploads\/2023\/06\/IMG-20230607-WA0005-1536x1536.jpg 1536w, https:\/\/junge-herzen-bayern.com\/wp-content\/uploads\/2023\/06\/IMG-20230607-WA0005.jpg 2048w\" sizes=\"(max-width: 1024px) 100vw, 1024px\" \/><\/a><\/figure>\n\n\n\n<figure class=\"wp-block-image size-large\"><a href=\"https:\/\/junge-herzen-bayern.com\/wp-content\/uploads\/2023\/06\/IMG-20230608-WA0000.jpg\"><img decoding=\"async\" loading=\"lazy\" width=\"1024\" height=\"768\" data-id=\"1489\" src=\"https:\/\/junge-herzen-bayern.com\/wp-content\/uploads\/2023\/06\/IMG-20230608-WA0000-1024x768.jpg\" alt=\"\" class=\"wp-image-1489\" srcset=\"https:\/\/junge-herzen-bayern.com\/wp-content\/uploads\/2023\/06\/IMG-20230608-WA0000-1024x768.jpg 1024w, https:\/\/junge-herzen-bayern.com\/wp-content\/uploads\/2023\/06\/IMG-20230608-WA0000-300x225.jpg 300w, https:\/\/junge-herzen-bayern.com\/wp-content\/uploads\/2023\/06\/IMG-20230608-WA0000-768x576.jpg 768w, https:\/\/junge-herzen-bayern.com\/wp-content\/uploads\/2023\/06\/IMG-20230608-WA0000-1536x1152.jpg 1536w, https:\/\/junge-herzen-bayern.com\/wp-content\/uploads\/2023\/06\/IMG-20230608-WA0000.jpg 2048w\" sizes=\"(max-width: 1024px) 100vw, 1024px\" \/><\/a><\/figure>\n\n\n\n<figure class=\"wp-block-image size-large\"><a href=\"https:\/\/junge-herzen-bayern.com\/wp-content\/uploads\/2023\/06\/IMG-20230619-WA0005.jpg\"><img decoding=\"async\" loading=\"lazy\" width=\"768\" height=\"1024\" data-id=\"1499\" src=\"https:\/\/junge-herzen-bayern.com\/wp-content\/uploads\/2023\/06\/IMG-20230619-WA0005-768x1024.jpg\" alt=\"\" class=\"wp-image-1499\" srcset=\"https:\/\/junge-herzen-bayern.com\/wp-content\/uploads\/2023\/06\/IMG-20230619-WA0005-768x1024.jpg 768w, https:\/\/junge-herzen-bayern.com\/wp-content\/uploads\/2023\/06\/IMG-20230619-WA0005-225x300.jpg 225w, https:\/\/junge-herzen-bayern.com\/wp-content\/uploads\/2023\/06\/IMG-20230619-WA0005-1152x1536.jpg 1152w, https:\/\/junge-herzen-bayern.com\/wp-content\/uploads\/2023\/06\/IMG-20230619-WA0005.jpg 1200w\" sizes=\"(max-width: 768px) 100vw, 768px\" \/><\/a><\/figure>\n<\/figure>\n","protected":false},"excerpt":{"rendered":"<p>Erholt, braungebrannt, super-stolz auf das neue Schwimmabzeichen und manchmal auch etwas traurig die neu gewonnenen Freunde morgen nicht mehr direkt zum Fr\u00fchst\u00fcck wiederzusehen: So beendeten die Teilnehmer unsere diesj\u00e4hrige Schwimmfreizeit. Im Zentrum der Freizeit stand (wie der Name es schon &hellip; <a href=\"https:\/\/junge-herzen-bayern.com\/?p=1485\">Weiterlesen <span class=\"meta-nav\">&rarr;<\/span><\/a><\/p>\n","protected":false},"author":9,"featured_media":0,"comment_status":"open","ping_status":"open","sticky":false,"template":"","format":"standard","meta":{"footnotes":""},"categories":[1],"tags":[38,37,41],"_links":{"self":[{"href":"https:\/\/junge-herzen-bayern.com\/index.php?rest_route=\/wp\/v2\/posts\/1485"}],"collection":[{"href":"https:\/\/junge-herzen-bayern.com\/index.php?rest_route=\/wp\/v2\/posts"}],"about":[{"href":"https:\/\/junge-herzen-bayern.com\/index.php?rest_route=\/wp\/v2\/types\/post"}],"author":[{"embeddable":true,"href":"https:\/\/junge-herzen-bayern.com\/index.php?rest_route=\/wp\/v2\/users\/9"}],"replies":[{"embeddable":true,"href":"https:\/\/junge-herzen-bayern.com\/index.php?rest_route=%2Fwp%2Fv2%2Fcomments&post=1485"}],"version-history":[{"count":3,"href":"https:\/\/junge-herzen-bayern.com\/index.php?rest_route=\/wp\/v2\/posts\/1485\/revisions"}],"predecessor-version":[{"id":1505,"href":"https:\/\/junge-herzen-bayern.com\/index.php?rest_route=\/wp\/v2\/posts\/1485\/revisions\/1505"}],"wp:attachment":[{"href":"https:\/\/junge-herzen-bayern.com\/index.php?rest_route=%2Fwp%2Fv2%2Fmedia&parent=1485"}],"wp:term":[{"taxonomy":"category","embeddable":true,"href":"https:\/\/junge-herzen-bayern.com\/index.php?rest_route=%2Fwp%2Fv2%2Fcategories&post=1485"},{"taxonomy":"post_tag","embeddable":true,"href":"https:\/\/junge-herzen-bayern.com\/index.php?rest_route=%2Fwp%2Fv2%2Ftags&post=1485"}],"curies":[{"name":"wp","href":"https:\/\/api.w.org\/{rel}","templated":true}]}}