{"id":1526,"date":"2023-10-02T21:55:25","date_gmt":"2023-10-02T19:55:25","guid":{"rendered":"https:\/\/junge-herzen-bayern.com\/?p=1526"},"modified":"2023-11-02T10:55:30","modified_gmt":"2023-11-02T09:55:30","slug":"unsere-schwimmfreizeit-am-irmengardhof-mit-den-jungen-herzen-bayern","status":"publish","type":"post","link":"https:\/\/junge-herzen-bayern.com\/?p=1526","title":{"rendered":"Unsere Schwimmfreizeit am Irmengardhof mit den Jungen Herzen Bayern"},"content":{"rendered":"\n<p>Ich sehe mich noch beim Kinderkardiologen mit unserer Tochter Isabell (9) sitzen. Es war eine<br>Kontrolluntersuchung im Januar nach einer Herz-OP im Dezember 2022. Ziemlich m\u00fcde und ersch\u00f6pft von den Sorgen sa\u00df ich im Wartezimmer, da fiel mir der Flyer \u201eSchwimmfreizeit am Chiemsee\u201c mit den \u201eJungen Herzen Bayern\u201c auf. Da wir sowieso schon l\u00e4nger dar\u00fcber nach dachten, uns einem Verein f\u00fcr Familien mit herzkranken Kindern anzuschlie\u00dfen, vor allem jetzt nach dem Herzklappentausch und den Herausforderungen der Coumadin-Gabe, kam der Flyer wie ein \u201eWink mit dem Zaunpfahl\u201c. Da unsere Tochter leider nicht schwimmen kann (es war bis jetzt aufgrund der Anstrengung nicht m\u00f6glich), aber keinerlei Ber\u00fchrungsangst vor Wasser hat, war das genau das richtige f\u00fcr uns. Der Austausch mit anderen Eltern zum Thema \u201eHerzkranke Kinder\u201c und gleichzeitiges Schwimmen lernen f\u00fcr Isabell und Ihre Geschwister \u00a0Annelies und Emanuel war ideal f\u00fcr uns. Ich habe mich daraufhin gleich angemeldet und erstmal Kontakt mit dem Verein gehabt. Leider waren alle Pl\u00e4tze schon vergeben und wir wurden auf eine Warteliste gesetzt.<\/p>\n\n\n\n<p>Tats\u00e4chlich bekamen wir dann wenige Tage vor der Schwimmfreizeit den Anruf, dass wir nachr\u00fccken k\u00f6nnen.<\/p>\n\n\n\n<p>Am Samstag den 3. Juni ging es dann los. Wir wurden am Irmengardhof herzlich von Michael und Bettina Brandmayer empfangen, weitere Familien waren auch schon anwesend, insgesamt waren&nbsp; es zw\u00f6lf Familien. Unsere Tochter Isabell hat nicht nur einen Herzfehler, sondern auch das Downsyndrom. Wir sind es eigentlich gewohnt, dass unsere Tochter \u201eauff\u00e4llt\u201c (gottseidank meist positiv &#x1f60a;), aber am Irmengardhof war man einfach eine Familie von vielen mit \u201eBesonderheiten\u201c. Wir haben uns sofort wohl gef\u00fchlt.<\/p>\n\n\n\n<p>Der Irmengardhof der Bj\u00f6rn Schulz Stiftung ist ein Erholungsheim f\u00fcr Familien mit chronisch kranken Kindern, traumhaft gelegen am Chiemsee, in der N\u00e4he von Gstadt.<\/p>\n\n\n\n<div class=\"wp-block-media-text alignwide is-stacked-on-mobile\" style=\"grid-template-columns:21% auto\"><figure class=\"wp-block-media-text__media\"><img decoding=\"async\" loading=\"lazy\" width=\"459\" height=\"756\" src=\"https:\/\/junge-herzen-bayern.com\/wp-content\/uploads\/2023\/10\/SF23-1.jpg\" alt=\"\" class=\"wp-image-1527 size-full\" srcset=\"https:\/\/junge-herzen-bayern.com\/wp-content\/uploads\/2023\/10\/SF23-1.jpg 459w, https:\/\/junge-herzen-bayern.com\/wp-content\/uploads\/2023\/10\/SF23-1-182x300.jpg 182w\" sizes=\"(max-width: 459px) 100vw, 459px\" \/><\/figure><div class=\"wp-block-media-text__content\">\n<p class=\"has-small-font-size\">Wir entschieden uns nicht am angebotenem Segelkurs teilzunehmen, da mein Mann und ich lieber&nbsp; Zeit zu zweit verbringen wollten, w\u00e4hrend die Kinder in der Kinderbetreuung waren. Ein Gro\u00dfteil unserer Gruppe ging fast jeden Tag freudig zum Segeln. In dieser Zeit machten mein Mann und ich wunderbare Radtouren am See. Den Kindern gefiel es bei den Sozialp\u00e4dagoginnen vom Haus sehr gut. Die beiden hatten ein tolles Programm f\u00fcr die Kinder aufgestellt. F\u00fcr uns war es das erste Mal, dass wir unsere Kinder unbesorgt in eine Kinderbetreuung geben konnten und wir genossen die Zeit sehr.<\/p>\n<\/div><\/div>\n\n\n\n<div class=\"wp-block-media-text alignwide has-media-on-the-right is-stacked-on-mobile\" style=\"grid-template-columns:auto 29%\"><div class=\"wp-block-media-text__content\">\n<p class=\"has-small-font-size\">Der Schwimmkurs war ein Highlight f\u00fcr unsere Kinder. Auch die Geschwisterkinder wurden von Schwimmlehrern der Schwimmschule Anzer und der Wasserwacht Prien betreut. Der Kurs fand im Hallenbad von Bernau am Chiemsee statt. Dieses hatte dankenswerterweise extra noch eine Woche l\u00e4nger f\u00fcr unseren Kurs ge\u00f6ffnet, danke daf\u00fcr. Unsere drei Kinder haben deutliche Fortschritte im Wasser gemacht. Birgit und Stefan von dem Schwimmschule und die Wasserwacht waren sehr engagiert und am Ende gab es f\u00fcr alle Kinder ein Schwimmabzeichen \u2013 alle waren sehr stolz. Es war ein sehr gutes Gef\u00fchl, immer eine Kinderkardiologin dabei zu haben, falls es zu einem Zwischenfall gekommen w\u00e4re.<\/p>\n<\/div><figure class=\"wp-block-media-text__media\"><img decoding=\"async\" loading=\"lazy\" width=\"372\" height=\"496\" src=\"https:\/\/junge-herzen-bayern.com\/wp-content\/uploads\/2023\/10\/SF23-2.jpg\" alt=\"\" class=\"wp-image-1528 size-full\" srcset=\"https:\/\/junge-herzen-bayern.com\/wp-content\/uploads\/2023\/10\/SF23-2.jpg 372w, https:\/\/junge-herzen-bayern.com\/wp-content\/uploads\/2023\/10\/SF23-2-225x300.jpg 225w\" sizes=\"(max-width: 372px) 100vw, 372px\" \/><\/figure><\/div>\n\n\n\n<p>Neben Schwimmen und Segeln standen aber noch viele weitere sch\u00f6ne Punkte auf dem Programm: Gelacht wurde viel beim Erlernen vom Volkstanz in der Tenne und bei dem Besuch der Kabarettistin \u201eDe Stianghausratschn\u201c. Spannung stand beim Klettern, Segway fahren oder Rafting f\u00fcr alle an. Au\u00dferdem erhielten wir einen interessanten Vortrag zum Thema Herzerkrankungen von Fr. Dr. Prie\u00dfmann. Auch die Kinder erhielten von ihr einen tollen Vortag. Unseren Geschwisterkindern hat dieses Wissen sehr viel geholfen, um die Erkrankung ihrer Schwester besser zu verstehen.<\/p>\n\n\n\n<div class=\"wp-block-media-text alignwide is-stacked-on-mobile\" style=\"grid-template-columns:37% auto\"><figure class=\"wp-block-media-text__media\"><img decoding=\"async\" loading=\"lazy\" width=\"606\" height=\"341\" src=\"https:\/\/junge-herzen-bayern.com\/wp-content\/uploads\/2023\/10\/SF23-3.jpg\" alt=\"\" class=\"wp-image-1529 size-full\" srcset=\"https:\/\/junge-herzen-bayern.com\/wp-content\/uploads\/2023\/10\/SF23-3.jpg 606w, https:\/\/junge-herzen-bayern.com\/wp-content\/uploads\/2023\/10\/SF23-3-300x169.jpg 300w\" sizes=\"(max-width: 606px) 100vw, 606px\" \/><\/figure><div class=\"wp-block-media-text__content\">\n<p class=\"has-small-font-size\">Sehr genossen haben wir auch die Abende, bei denen wir als Familie alle zusammen sa\u00dfen und uns \u00fcber die Besonderheiten in unserem Leben austauschen konnten.<\/p>\n<\/div><\/div>\n\n\n\n<p>Vielen Dank an den Verein von den \u201eJungen Herzen Bayern\u201c f\u00fcr die Organisation, der Schwimmschule von Birgit und Stefan Anzer zusammen mit der Wasserwacht Prien f\u00fcr den tollen Schwimmkurs, Fr. Dr. Helga Prie\u00dfmann (Kinderkardiologin und Kinder\u00e4rztin) und den Sponsoren, die uns Eltern die M\u00f6glichkeit gegeben haben, den Herausforderungen mit unseren Herzkindern gest\u00e4rkt entgegen zu treten.<\/p>\n\n\n\n<p>Sonja und Stephan mit Annelies, Emanuel und Isabell<\/p>\n","protected":false},"excerpt":{"rendered":"<p>Ich sehe mich noch beim Kinderkardiologen mit unserer Tochter Isabell (9) sitzen. Es war eineKontrolluntersuchung im Januar nach einer Herz-OP im Dezember 2022. Ziemlich m\u00fcde und ersch\u00f6pft von den Sorgen sa\u00df ich im Wartezimmer, da fiel mir der Flyer \u201eSchwimmfreizeit &hellip; <a href=\"https:\/\/junge-herzen-bayern.com\/?p=1526\">Weiterlesen <span class=\"meta-nav\">&rarr;<\/span><\/a><\/p>\n","protected":false},"author":9,"featured_media":0,"comment_status":"open","ping_status":"open","sticky":false,"template":"","format":"standard","meta":{"footnotes":""},"categories":[1],"tags":[],"_links":{"self":[{"href":"https:\/\/junge-herzen-bayern.com\/index.php?rest_route=\/wp\/v2\/posts\/1526"}],"collection":[{"href":"https:\/\/junge-herzen-bayern.com\/index.php?rest_route=\/wp\/v2\/posts"}],"about":[{"href":"https:\/\/junge-herzen-bayern.com\/index.php?rest_route=\/wp\/v2\/types\/post"}],"author":[{"embeddable":true,"href":"https:\/\/junge-herzen-bayern.com\/index.php?rest_route=\/wp\/v2\/users\/9"}],"replies":[{"embeddable":true,"href":"https:\/\/junge-herzen-bayern.com\/index.php?rest_route=%2Fwp%2Fv2%2Fcomments&post=1526"}],"version-history":[{"count":3,"href":"https:\/\/junge-herzen-bayern.com\/index.php?rest_route=\/wp\/v2\/posts\/1526\/revisions"}],"predecessor-version":[{"id":1536,"href":"https:\/\/junge-herzen-bayern.com\/index.php?rest_route=\/wp\/v2\/posts\/1526\/revisions\/1536"}],"wp:attachment":[{"href":"https:\/\/junge-herzen-bayern.com\/index.php?rest_route=%2Fwp%2Fv2%2Fmedia&parent=1526"}],"wp:term":[{"taxonomy":"category","embeddable":true,"href":"https:\/\/junge-herzen-bayern.com\/index.php?rest_route=%2Fwp%2Fv2%2Fcategories&post=1526"},{"taxonomy":"post_tag","embeddable":true,"href":"https:\/\/junge-herzen-bayern.com\/index.php?rest_route=%2Fwp%2Fv2%2Ftags&post=1526"}],"curies":[{"name":"wp","href":"https:\/\/api.w.org\/{rel}","templated":true}]}}