{"id":1564,"date":"2024-01-31T20:25:39","date_gmt":"2024-01-31T19:25:39","guid":{"rendered":"https:\/\/junge-herzen-bayern.com\/?p=1564"},"modified":"2024-01-31T20:25:39","modified_gmt":"2024-01-31T19:25:39","slug":"freizeiten-2024","status":"publish","type":"post","link":"https:\/\/junge-herzen-bayern.com\/?p=1564","title":{"rendered":"Freizeiten 2024"},"content":{"rendered":"\n<p>Einige haben es vielleicht unter der Rubrik &#8222;Termine&#8220; bereits entdeckt: Auch in diesem Jahr haben wir einiges geplant. W\u00e4hrend wir f\u00fcr das Mama-Wochenende im April und f\u00fcr die Schwimmfreizeit im Mai aufgrund der gro\u00dfen Nachfrage bereits Nachr\u00fcckerlisten pflegen, sind f\u00fcr die Reitfreizeit noch Pl\u00e4tze frei. Also Beeilung, liebe Pferde&amp;Pony-Fans!<\/p>\n\n\n\n<figure class=\"wp-block-table\"><table><tbody><tr><td><strong>Reitfreizeit<\/strong><br><br><em>Wer?<\/em>&nbsp;Alle Kinder und Jugendliche von 7-18 Jahren mit angeborenen Herzfehlern und\/oder deren Geschwister<br><em>Wann?<\/em>&nbsp;17. \u2013 24.08.2023<br><em>Wo?<\/em>&nbsp;<a rel=\"noreferrer noopener\" href=\"https:\/\/www.ponyreithof.de\/\" target=\"_blank\">Ponyhof St. Margarethen, Brannenburg<\/a><br><br>Weitere Informationen und Details zur Anmeldung findet ihr im&nbsp;<a rel=\"noreferrer noopener\" href=\"https:\/\/junge-herzen-bayern.com\/wp-content\/uploads\/2024\/01\/Flyer-reiten-geschwister_2024_v3small.pdf\" target=\"_blank\">Flyer<\/a>.<\/td><\/tr><\/tbody><\/table><\/figure>\n\n\n\n<p>F\u00fcr die Termine in der zweiten Jahresh\u00e4lfte (Lokale-Treffen, Papa-Wochenende, Vereinsausflug) werden die genauen Details noch folgen.<\/p>\n\n\n\n<p>Also, stay tuned!<\/p>\n\n\n\n<figure class=\"wp-block-gallery has-nested-images columns-default is-cropped wp-block-gallery-1 is-layout-flex wp-block-gallery-is-layout-flex\">\n<figure class=\"wp-block-image size-large\"><a href=\"https:\/\/junge-herzen-bayern.com\/wp-content\/uploads\/2024\/01\/Flyer-schwimmen_2024_v4_small.pdf\" target=\"_blank\" rel=\"noreferrer noopener\"><img decoding=\"async\" loading=\"lazy\" width=\"434\" height=\"910\" data-id=\"1566\" src=\"https:\/\/junge-herzen-bayern.com\/wp-content\/uploads\/2024\/01\/schwimmen24.png\" alt=\"\" class=\"wp-image-1566\" srcset=\"https:\/\/junge-herzen-bayern.com\/wp-content\/uploads\/2024\/01\/schwimmen24.png 434w, https:\/\/junge-herzen-bayern.com\/wp-content\/uploads\/2024\/01\/schwimmen24-143x300.png 143w\" sizes=\"(max-width: 434px) 100vw, 434px\" \/><\/a><\/figure>\n\n\n\n<figure class=\"wp-block-image size-full\"><a href=\"https:\/\/junge-herzen-bayern.com\/wp-content\/uploads\/2024\/01\/Flyer-reiten-geschwister_2024_v3small.pdf\" target=\"_blank\" rel=\"noreferrer noopener\"><img decoding=\"async\" loading=\"lazy\" width=\"434\" height=\"912\" data-id=\"1567\" src=\"https:\/\/junge-herzen-bayern.com\/wp-content\/uploads\/2024\/01\/image.png\" alt=\"Dieses Bild hat ein leeres Alt-Attribut. Der Dateiname ist reiten24.png\" class=\"wp-image-1567\" srcset=\"https:\/\/junge-herzen-bayern.com\/wp-content\/uploads\/2024\/01\/image.png 434w, https:\/\/junge-herzen-bayern.com\/wp-content\/uploads\/2024\/01\/image-143x300.png 143w\" sizes=\"(max-width: 434px) 100vw, 434px\" \/><\/a><\/figure>\n<\/figure>\n","protected":false},"excerpt":{"rendered":"<p>Einige haben es vielleicht unter der Rubrik &#8222;Termine&#8220; bereits entdeckt: Auch in diesem Jahr haben wir einiges geplant. W\u00e4hrend wir f\u00fcr das Mama-Wochenende im April und f\u00fcr die Schwimmfreizeit im Mai aufgrund der gro\u00dfen Nachfrage bereits Nachr\u00fcckerlisten pflegen, sind f\u00fcr &hellip; <a href=\"https:\/\/junge-herzen-bayern.com\/?p=1564\">Weiterlesen <span class=\"meta-nav\">&rarr;<\/span><\/a><\/p>\n","protected":false},"author":9,"featured_media":0,"comment_status":"open","ping_status":"open","sticky":false,"template":"","format":"standard","meta":{"footnotes":""},"categories":[1],"tags":[38,15,13,28,21,17,37],"_links":{"self":[{"href":"https:\/\/junge-herzen-bayern.com\/index.php?rest_route=\/wp\/v2\/posts\/1564"}],"collection":[{"href":"https:\/\/junge-herzen-bayern.com\/index.php?rest_route=\/wp\/v2\/posts"}],"about":[{"href":"https:\/\/junge-herzen-bayern.com\/index.php?rest_route=\/wp\/v2\/types\/post"}],"author":[{"embeddable":true,"href":"https:\/\/junge-herzen-bayern.com\/index.php?rest_route=\/wp\/v2\/users\/9"}],"replies":[{"embeddable":true,"href":"https:\/\/junge-herzen-bayern.com\/index.php?rest_route=%2Fwp%2Fv2%2Fcomments&post=1564"}],"version-history":[{"count":7,"href":"https:\/\/junge-herzen-bayern.com\/index.php?rest_route=\/wp\/v2\/posts\/1564\/revisions"}],"predecessor-version":[{"id":1574,"href":"https:\/\/junge-herzen-bayern.com\/index.php?rest_route=\/wp\/v2\/posts\/1564\/revisions\/1574"}],"wp:attachment":[{"href":"https:\/\/junge-herzen-bayern.com\/index.php?rest_route=%2Fwp%2Fv2%2Fmedia&parent=1564"}],"wp:term":[{"taxonomy":"category","embeddable":true,"href":"https:\/\/junge-herzen-bayern.com\/index.php?rest_route=%2Fwp%2Fv2%2Fcategories&post=1564"},{"taxonomy":"post_tag","embeddable":true,"href":"https:\/\/junge-herzen-bayern.com\/index.php?rest_route=%2Fwp%2Fv2%2Ftags&post=1564"}],"curies":[{"name":"wp","href":"https:\/\/api.w.org\/{rel}","templated":true}]}}