{"id":1638,"date":"2025-03-04T20:29:51","date_gmt":"2025-03-04T19:29:51","guid":{"rendered":"https:\/\/junge-herzen-bayern.com\/?p=1638"},"modified":"2025-03-04T20:34:08","modified_gmt":"2025-03-04T19:34:08","slug":"reitfreizeit-kajak-tour-noch-sind-plaetze-frei","status":"publish","type":"post","link":"https:\/\/junge-herzen-bayern.com\/?p=1638","title":{"rendered":"Reitfreizeit &#038; Kajak-Tour &#8211; noch sind Pl\u00e4tze frei!"},"content":{"rendered":"<table style=\"border-width:0px; border-color:white\">\n<tr>\n<td colspan=3>Im August finden unsere beiden Kinder- &#038; Jugendfreizeiten statt und die gute Nachricht: Es sind noch Pl\u00e4tze frei!<\/p>\n<p>Den Anfang macht die Kajak-Tour f\u00fcr Herzteenager. Das besondere an diesem neuen Angebot ist, dass die Teilnehmenden von JEMAHs betreut werden \u2013 also Personen die selbst erlebt haben, wie es ist, ein Teenager mit angeborenem Herzfehler zu sein.<\/p>\n<p>Ende August findet unsere beliebte Reitfreizeit f\u00fcr Herz- und Geschwisterkinder statt. Eine Woche ohne Eltern (aber nat\u00fcrlich begleitet durch ein erfahrenes Betreuerteam) k\u00f6nnen die Kinder im Kreise von Gleichaltrigen Erfolge im Sattel sammeln.<\/td>\n<\/tr>\n<tr>\n<td>\n<a href=\"https:\/\/junge-herzen-bayern.com\/wp-content\/uploads\/2025\/02\/Flyer-reiten-geschwister_2025_web.pdf\" target=\"_blank\" rel=\"noopener\"><br \/>\n<img decoding=\"async\" src=\"https:\/\/junge-herzen-bayern.com\/wp-content\/uploads\/2025\/03\/Reitfreizeit25.png\" alt=\"Reitfreizeit\" width=\"150px\"><\/a><\/td>\n<td width=\"90%\">Klingt interessant? Dann meldet euch an!<br \/>\n<a href=\"https:\/\/junge-herzen-bayern.com\/wp-content\/uploads\/2025\/02\/Flyer-kajakfreizeit_2025_web.pdf\" target=\"_blank\" rel=\"noopener\"><br \/>\nAnmeldung Kajak-Tour<\/a><a href=\"https:\/\/junge-herzen-bayern.com\/wp-content\/uploads\/2025\/02\/Flyer-kajakfreizeit_2025_web.pdf\" target=\"_blank\" rel=\"noopener\"><br \/>\n( 3. \u2013 8.08.2025 )<\/a><\/p>\n<p><a href=\"https:\/\/junge-herzen-bayern.com\/wp-content\/uploads\/2025\/02\/Flyer-reiten-geschwister_2025_web.pdf\" target=\"_blank\" rel=\"noopener\">Anmeldung Reitfreizeit<\/a><br \/>\n<a href=\"https:\/\/junge-herzen-bayern.com\/wp-content\/uploads\/2025\/02\/Flyer-reiten-geschwister_2025_web.pdf\" target=\"_blank\" rel=\"noopener\">( 24. \u2013 31.08.2025 )<\/a><\/td>\n<td><a href=\"https:\/\/junge-herzen-bayern.com\/wp-content\/uploads\/2025\/02\/Flyer-kajakfreizeit_2025_web.pdf\" target=\"_blank\" rel=\"noopener\"><br \/>\n<img decoding=\"async\" src=\"https:\/\/junge-herzen-bayern.com\/wp-content\/uploads\/2025\/03\/Kajak25.png\" alt=\"Kajak-Tour\" width=\"150px\"><\/a><\/td>\n<\/tr>\n<\/table>\n","protected":false},"excerpt":{"rendered":"<p>Im August finden unsere beiden Kinder- &#038; Jugendfreizeiten statt und die gute Nachricht: Es sind noch Pl\u00e4tze frei! Den Anfang macht die Kajak-Tour f\u00fcr Herzteenager. Das besondere an diesem neuen Angebot ist, dass die Teilnehmenden von JEMAHs betreut werden \u2013 &hellip; <a href=\"https:\/\/junge-herzen-bayern.com\/?p=1638\">Weiterlesen <span class=\"meta-nav\">&rarr;<\/span><\/a><\/p>\n","protected":false},"author":9,"featured_media":0,"comment_status":"open","ping_status":"open","sticky":false,"template":"","format":"standard","meta":{"footnotes":""},"categories":[1],"tags":[],"_links":{"self":[{"href":"https:\/\/junge-herzen-bayern.com\/index.php?rest_route=\/wp\/v2\/posts\/1638"}],"collection":[{"href":"https:\/\/junge-herzen-bayern.com\/index.php?rest_route=\/wp\/v2\/posts"}],"about":[{"href":"https:\/\/junge-herzen-bayern.com\/index.php?rest_route=\/wp\/v2\/types\/post"}],"author":[{"embeddable":true,"href":"https:\/\/junge-herzen-bayern.com\/index.php?rest_route=\/wp\/v2\/users\/9"}],"replies":[{"embeddable":true,"href":"https:\/\/junge-herzen-bayern.com\/index.php?rest_route=%2Fwp%2Fv2%2Fcomments&post=1638"}],"version-history":[{"count":25,"href":"https:\/\/junge-herzen-bayern.com\/index.php?rest_route=\/wp\/v2\/posts\/1638\/revisions"}],"predecessor-version":[{"id":1665,"href":"https:\/\/junge-herzen-bayern.com\/index.php?rest_route=\/wp\/v2\/posts\/1638\/revisions\/1665"}],"wp:attachment":[{"href":"https:\/\/junge-herzen-bayern.com\/index.php?rest_route=%2Fwp%2Fv2%2Fmedia&parent=1638"}],"wp:term":[{"taxonomy":"category","embeddable":true,"href":"https:\/\/junge-herzen-bayern.com\/index.php?rest_route=%2Fwp%2Fv2%2Fcategories&post=1638"},{"taxonomy":"post_tag","embeddable":true,"href":"https:\/\/junge-herzen-bayern.com\/index.php?rest_route=%2Fwp%2Fv2%2Ftags&post=1638"}],"curies":[{"name":"wp","href":"https:\/\/api.w.org\/{rel}","templated":true}]}}