{"id":1698,"date":"2025-08-12T19:24:54","date_gmt":"2025-08-12T17:24:54","guid":{"rendered":"https:\/\/junge-herzen-bayern.com\/?p=1698"},"modified":"2025-08-12T19:24:54","modified_gmt":"2025-08-12T17:24:54","slug":"schwimmfreizeit-kajak-tour-2025-sonne-regen-und-ganz-viel-wasser","status":"publish","type":"post","link":"https:\/\/junge-herzen-bayern.com\/?p=1698","title":{"rendered":"Schwimmfreizeit &amp; Kajak-Tour 2025 &#8211; Sonne, Regen und ganz viel Wasser"},"content":{"rendered":"\n<p>W\u00e4hrend unserer Schwimmfreizeit konnten 12 Familien noch Sonne satt genie\u00dfen \u2013 auf der Kajak-Tour wurden die Jugendlichen auch unfreiwillig nass.<\/p>\n\n\n\n<p>Wie in den vergangenen Jahren fand auch dieses Jahr zu Pfingsten unsere Familien-Schwimmfreizeit am Chiemsee statt. Im Zentrum stand nat\u00fcrlich das t\u00e4gliche Schwimmtraining unter der liebevollen und professionellen Anleitung des Schwimmlehrerteams.<\/p>\n\n\n\n<div class=\"wp-block-media-text has-media-on-the-right is-stacked-on-mobile\"><div class=\"wp-block-media-text__content\">\n<p>Alters- und Leistungsgerecht wurde an den ersten Metern aus eigener Kraft, den n\u00e4chsten Abzeichen bzw. an der Verfeinerung der Technik gearbeitet. Ganz spielerisch und ungezwungen wurde den Kindern und Jugendlichen die M\u00f6glichkeit geboten, ihre eigenen k\u00f6rperlichen &amp; geistigen F\u00e4higkeiten zu erfahren und auszutesten.<\/p>\n<\/div><figure class=\"wp-block-media-text__media\"><img decoding=\"async\" loading=\"lazy\" width=\"1024\" height=\"683\" src=\"https:\/\/junge-herzen-bayern.com\/wp-content\/uploads\/2025\/08\/Schwimmen2-1024x683.jpg\" alt=\"\" class=\"wp-image-1703 size-full\" srcset=\"https:\/\/junge-herzen-bayern.com\/wp-content\/uploads\/2025\/08\/Schwimmen2-1024x683.jpg 1024w, https:\/\/junge-herzen-bayern.com\/wp-content\/uploads\/2025\/08\/Schwimmen2-300x200.jpg 300w, https:\/\/junge-herzen-bayern.com\/wp-content\/uploads\/2025\/08\/Schwimmen2-768x512.jpg 768w, https:\/\/junge-herzen-bayern.com\/wp-content\/uploads\/2025\/08\/Schwimmen2-1536x1024.jpg 1536w, https:\/\/junge-herzen-bayern.com\/wp-content\/uploads\/2025\/08\/Schwimmen2.jpg 2048w\" sizes=\"(max-width: 1024px) 100vw, 1024px\" \/><\/figure><\/div>\n\n\n\n<p> Nachmittags erwartete die inzwischen wieder ausgeruhten Teilnehmenden t\u00e4glich wechselnde Angebote f\u00fcr Gro\u00df und Klein. Spiele spielen und selber bauen, Eselwanderungen, ein Besuch im Klettergarten, ein Erste-Hilfe-Kurs, Boxen mit Tina Sch\u00fcssler und eine Einf\u00fchrung ins Songwriting mit Kapit\u00e4n Holz standen auf dem Programm. Oder man genoss die Sonne am, auf bzw. im Chiemsee.<\/p>\n\n\n\n<p>Als medizinische Betreuung war Dr. Helga Prie\u00dfmann, Kinder\u00e4rztin &amp; Kinderkardiologin, dabei. Egal ob einfacher Holzsplitter im Fu\u00df oder ganz spezielle Kinderfragen zum eigenen Herzfehler, war sie immer mit Rat und Tat zur Stelle und war selbst zu fortgeschrittener Stunde noch zum kinderkardiologischen Fachgespr\u00e4ch in der Elternrunde bereit.<\/p>\n\n\n\n<figure class=\"wp-block-gallery has-nested-images columns-default is-cropped wp-block-gallery-1 is-layout-flex wp-block-gallery-is-layout-flex\">\n<figure class=\"wp-block-image size-large\"><a href=\"https:\/\/junge-herzen-bayern.com\/wp-content\/uploads\/2025\/08\/Schwimmen3.jpg\"><img decoding=\"async\" loading=\"lazy\" width=\"1024\" height=\"683\" data-id=\"1704\" src=\"https:\/\/junge-herzen-bayern.com\/wp-content\/uploads\/2025\/08\/Schwimmen3-1024x683.jpg\" alt=\"\" class=\"wp-image-1704\" srcset=\"https:\/\/junge-herzen-bayern.com\/wp-content\/uploads\/2025\/08\/Schwimmen3-1024x683.jpg 1024w, https:\/\/junge-herzen-bayern.com\/wp-content\/uploads\/2025\/08\/Schwimmen3-300x200.jpg 300w, https:\/\/junge-herzen-bayern.com\/wp-content\/uploads\/2025\/08\/Schwimmen3-768x512.jpg 768w, https:\/\/junge-herzen-bayern.com\/wp-content\/uploads\/2025\/08\/Schwimmen3-1536x1024.jpg 1536w, https:\/\/junge-herzen-bayern.com\/wp-content\/uploads\/2025\/08\/Schwimmen3.jpg 1600w\" sizes=\"(max-width: 1024px) 100vw, 1024px\" \/><\/a><\/figure>\n\n\n\n<figure class=\"wp-block-image size-large\"><a href=\"https:\/\/junge-herzen-bayern.com\/wp-content\/uploads\/2025\/08\/Schwimmen1.jpg\"><img decoding=\"async\" loading=\"lazy\" width=\"1024\" height=\"683\" data-id=\"1701\" src=\"https:\/\/junge-herzen-bayern.com\/wp-content\/uploads\/2025\/08\/Schwimmen1-1024x683.jpg\" alt=\"\" class=\"wp-image-1701\" srcset=\"https:\/\/junge-herzen-bayern.com\/wp-content\/uploads\/2025\/08\/Schwimmen1-1024x683.jpg 1024w, https:\/\/junge-herzen-bayern.com\/wp-content\/uploads\/2025\/08\/Schwimmen1-300x200.jpg 300w, https:\/\/junge-herzen-bayern.com\/wp-content\/uploads\/2025\/08\/Schwimmen1-768x512.jpg 768w, https:\/\/junge-herzen-bayern.com\/wp-content\/uploads\/2025\/08\/Schwimmen1-1536x1024.jpg 1536w, https:\/\/junge-herzen-bayern.com\/wp-content\/uploads\/2025\/08\/Schwimmen1.jpg 2048w\" sizes=\"(max-width: 1024px) 100vw, 1024px\" \/><\/a><\/figure>\n\n\n\n<figure class=\"wp-block-image size-large\"><a href=\"https:\/\/junge-herzen-bayern.com\/wp-content\/uploads\/2025\/08\/Zeitung.jpg\"><img decoding=\"async\" loading=\"lazy\" width=\"729\" height=\"1024\" data-id=\"1702\" src=\"https:\/\/junge-herzen-bayern.com\/wp-content\/uploads\/2025\/08\/Zeitung-729x1024.jpg\" alt=\"\" class=\"wp-image-1702\" srcset=\"https:\/\/junge-herzen-bayern.com\/wp-content\/uploads\/2025\/08\/Zeitung-729x1024.jpg 729w, https:\/\/junge-herzen-bayern.com\/wp-content\/uploads\/2025\/08\/Zeitung-214x300.jpg 214w, https:\/\/junge-herzen-bayern.com\/wp-content\/uploads\/2025\/08\/Zeitung-768x1079.jpg 768w, https:\/\/junge-herzen-bayern.com\/wp-content\/uploads\/2025\/08\/Zeitung-1093x1536.jpg 1093w, https:\/\/junge-herzen-bayern.com\/wp-content\/uploads\/2025\/08\/Zeitung.jpg 1139w\" sizes=\"(max-width: 729px) 100vw, 729px\" \/><\/a><\/figure>\n<\/figure>\n\n\n\n<hr class=\"wp-block-separator has-alpha-channel-opacity\"\/>\n\n\n\n<p><\/p>\n\n\n\n<div class=\"wp-block-media-text is-stacked-on-mobile\"><figure class=\"wp-block-media-text__media\"><img decoding=\"async\" loading=\"lazy\" width=\"1024\" height=\"683\" src=\"https:\/\/junge-herzen-bayern.com\/wp-content\/uploads\/2025\/08\/Kajak1-1024x683.jpg\" alt=\"\" class=\"wp-image-1705 size-full\" srcset=\"https:\/\/junge-herzen-bayern.com\/wp-content\/uploads\/2025\/08\/Kajak1-1024x683.jpg 1024w, https:\/\/junge-herzen-bayern.com\/wp-content\/uploads\/2025\/08\/Kajak1-300x200.jpg 300w, https:\/\/junge-herzen-bayern.com\/wp-content\/uploads\/2025\/08\/Kajak1-768x512.jpg 768w, https:\/\/junge-herzen-bayern.com\/wp-content\/uploads\/2025\/08\/Kajak1.jpg 1350w\" sizes=\"(max-width: 1024px) 100vw, 1024px\" \/><\/figure><div class=\"wp-block-media-text__content\">\n<p>Weniger Gl\u00fcck mit dem Wetter hatten die Teilnehmer der Kajak-Tour, welche wir in Kooperation mit dem JEMAH e.V. dieses Jahr zum ersten Mal angeboten haben. Den durchwachsenen Wetterprognosen trotzend, hat sich zumindest eine kleine Gruppe unerschrockener Paddel-Fans Anfang August auf den Weg ins Altm\u00fchltal gemacht.<\/p>\n<\/div><\/div>\n\n\n\n<p>Bei der Tour stand jedoch nicht das Paddeln an sich, sondern die gemeinsame Aktivit\u00e4t und das Gespr\u00e4ch im Vordergrund. Daher bot die 3-t\u00e4gige Tour im Boot, w\u00e4hrend der Pausen am Ufer und am abendlichen Lagerfeuer auf dem Campingplatz viele Chancen zum ungezwungenen Austausch zwischen Herz-Teenagern und den Jungen Erwachsenen mit angeborenem Herzfehler \u2013 ganz ohne besserwisserische Eltern oder nervige kleine Geschwister.<\/p>\n\n\n\n<figure class=\"wp-block-gallery has-nested-images columns-default is-cropped wp-block-gallery-3 is-layout-flex wp-block-gallery-is-layout-flex\">\n<figure class=\"wp-block-image size-large\"><a href=\"https:\/\/junge-herzen-bayern.com\/wp-content\/uploads\/2025\/08\/Kajak3.jpg\"><img decoding=\"async\" loading=\"lazy\" width=\"1024\" height=\"683\" data-id=\"1711\" src=\"https:\/\/junge-herzen-bayern.com\/wp-content\/uploads\/2025\/08\/Kajak3-1024x683.jpg\" alt=\"\" class=\"wp-image-1711\" srcset=\"https:\/\/junge-herzen-bayern.com\/wp-content\/uploads\/2025\/08\/Kajak3-1024x683.jpg 1024w, https:\/\/junge-herzen-bayern.com\/wp-content\/uploads\/2025\/08\/Kajak3-300x200.jpg 300w, https:\/\/junge-herzen-bayern.com\/wp-content\/uploads\/2025\/08\/Kajak3-768x512.jpg 768w, https:\/\/junge-herzen-bayern.com\/wp-content\/uploads\/2025\/08\/Kajak3.jpg 1350w\" sizes=\"(max-width: 1024px) 100vw, 1024px\" \/><\/a><\/figure>\n\n\n\n<figure class=\"wp-block-image size-large\"><a href=\"https:\/\/junge-herzen-bayern.com\/wp-content\/uploads\/2025\/08\/Kajak2.jpg\"><img decoding=\"async\" loading=\"lazy\" width=\"1024\" height=\"683\" data-id=\"1700\" src=\"https:\/\/junge-herzen-bayern.com\/wp-content\/uploads\/2025\/08\/Kajak2-1024x683.jpg\" alt=\"\" class=\"wp-image-1700\" srcset=\"https:\/\/junge-herzen-bayern.com\/wp-content\/uploads\/2025\/08\/Kajak2-1024x683.jpg 1024w, https:\/\/junge-herzen-bayern.com\/wp-content\/uploads\/2025\/08\/Kajak2-300x200.jpg 300w, https:\/\/junge-herzen-bayern.com\/wp-content\/uploads\/2025\/08\/Kajak2-768x512.jpg 768w, https:\/\/junge-herzen-bayern.com\/wp-content\/uploads\/2025\/08\/Kajak2.jpg 1449w\" sizes=\"(max-width: 1024px) 100vw, 1024px\" \/><\/a><\/figure>\n\n\n\n<figure class=\"wp-block-image size-large\"><a href=\"https:\/\/junge-herzen-bayern.com\/wp-content\/uploads\/2025\/08\/Kajak4.jpg\"><img decoding=\"async\" loading=\"lazy\" width=\"1024\" height=\"683\" data-id=\"1710\" src=\"https:\/\/junge-herzen-bayern.com\/wp-content\/uploads\/2025\/08\/Kajak4-1024x683.jpg\" alt=\"\" class=\"wp-image-1710\" srcset=\"https:\/\/junge-herzen-bayern.com\/wp-content\/uploads\/2025\/08\/Kajak4-1024x683.jpg 1024w, https:\/\/junge-herzen-bayern.com\/wp-content\/uploads\/2025\/08\/Kajak4-300x200.jpg 300w, https:\/\/junge-herzen-bayern.com\/wp-content\/uploads\/2025\/08\/Kajak4-768x512.jpg 768w, https:\/\/junge-herzen-bayern.com\/wp-content\/uploads\/2025\/08\/Kajak4.jpg 1350w\" sizes=\"(max-width: 1024px) 100vw, 1024px\" \/><\/a><\/figure>\n<\/figure>\n\n\n\n<p>Und so war man sich bei der Abreise einig, dass alle gerne auch in 2026 bei der 2. Kajak-Tour von JEMAH &amp; JuHBay dabei sein werden \u2013 gerne dann auch mit besserem Wetter.<\/p>\n\n\n\n<p>Wir bedanken uns ganz herzlich bei:<br> &#8211; <a href=\"https:\/\/www.jemah.de\/\" target=\"_blank\" rel=\"noreferrer noopener\">JEMAH e.V.<\/a> f\u00fcr die gute Zusammenarbeit und das pers\u00f6nliche Engagement,<br> &#8211; <a href=\"https:\/\/chiemsee-schwimmkurse.de\/\" data-type=\"link\" data-id=\"https:\/\/chiemsee-schwimmkurse.de\/\" target=\"_blank\" rel=\"noreferrer noopener\">Birgit und Stefan Anzer<\/a> sowie den <a href=\"https:\/\/www.wasserwacht-prien.de\/events\/event\/\" target=\"_blank\" rel=\"noreferrer noopener\">Wasserwachtlern des DRK<\/a> f\u00fcr den tollen Schwimmunterricht,<br>&#8211; dem <a href=\"https:\/\/irmengard-hof.de\/\" target=\"_blank\" rel=\"noreferrer noopener\">Irmengard-Hof<\/a> f\u00fcr die erneute Gastfreundschaft und das hauseigene Rahmenprogramm w\u00e4hrend der Schwimmfreizeit,<br>&#8211; <a href=\"https:\/\/unser-kinderarzt.de\/\" target=\"_blank\" rel=\"noreferrer noopener\">Dr. Helga Prie\u00dfmann<\/a> f\u00fcr die medizinische Betreuung,<br>&#8211; <a rel=\"noreferrer noopener\" href=\"https:\/\/www.instagram.com\/kapitaenholz\/\" target=\"_blank\">Kapit\u00e4n Holz<\/a> und <a rel=\"noreferrer noopener\" href=\"https:\/\/www.instagram.com\/tina_schuessler_official\/\" target=\"_blank\">Tina Sch\u00fcssler<\/a> f\u00fcr ihr Engagement (nicht nur auf des Schwimmfreizeit)<br> \u2026und nat\u00fcrlich all den anderen Helfern vor und hinter den Kulissen, die mitgeholfen haben, diese Freizeit zu einem unvergesslichen Ereignis zu machen.<br> <\/p>\n\n\n\n<p>Wir freuen uns auf\u2019s n\u00e4chste Jahr!<\/p>\n","protected":false},"excerpt":{"rendered":"<p>W\u00e4hrend unserer Schwimmfreizeit konnten 12 Familien noch Sonne satt genie\u00dfen \u2013 auf der Kajak-Tour wurden die Jugendlichen auch unfreiwillig nass. Wie in den vergangenen Jahren fand auch dieses Jahr zu Pfingsten unsere Familien-Schwimmfreizeit am Chiemsee statt. Im Zentrum stand nat\u00fcrlich &hellip; <a href=\"https:\/\/junge-herzen-bayern.com\/?p=1698\">Weiterlesen <span class=\"meta-nav\">&rarr;<\/span><\/a><\/p>\n","protected":false},"author":9,"featured_media":0,"comment_status":"open","ping_status":"open","sticky":false,"template":"","format":"standard","meta":{"footnotes":""},"categories":[1],"tags":[],"_links":{"self":[{"href":"https:\/\/junge-herzen-bayern.com\/index.php?rest_route=\/wp\/v2\/posts\/1698"}],"collection":[{"href":"https:\/\/junge-herzen-bayern.com\/index.php?rest_route=\/wp\/v2\/posts"}],"about":[{"href":"https:\/\/junge-herzen-bayern.com\/index.php?rest_route=\/wp\/v2\/types\/post"}],"author":[{"embeddable":true,"href":"https:\/\/junge-herzen-bayern.com\/index.php?rest_route=\/wp\/v2\/users\/9"}],"replies":[{"embeddable":true,"href":"https:\/\/junge-herzen-bayern.com\/index.php?rest_route=%2Fwp%2Fv2%2Fcomments&post=1698"}],"version-history":[{"count":8,"href":"https:\/\/junge-herzen-bayern.com\/index.php?rest_route=\/wp\/v2\/posts\/1698\/revisions"}],"predecessor-version":[{"id":1714,"href":"https:\/\/junge-herzen-bayern.com\/index.php?rest_route=\/wp\/v2\/posts\/1698\/revisions\/1714"}],"wp:attachment":[{"href":"https:\/\/junge-herzen-bayern.com\/index.php?rest_route=%2Fwp%2Fv2%2Fmedia&parent=1698"}],"wp:term":[{"taxonomy":"category","embeddable":true,"href":"https:\/\/junge-herzen-bayern.com\/index.php?rest_route=%2Fwp%2Fv2%2Fcategories&post=1698"},{"taxonomy":"post_tag","embeddable":true,"href":"https:\/\/junge-herzen-bayern.com\/index.php?rest_route=%2Fwp%2Fv2%2Ftags&post=1698"}],"curies":[{"name":"wp","href":"https:\/\/api.w.org\/{rel}","templated":true}]}}