{"id":220,"date":"2012-09-06T19:13:48","date_gmt":"2012-09-06T17:13:48","guid":{"rendered":"http:\/\/junge-herzen-bayern.com\/?p=220"},"modified":"2012-09-06T19:17:57","modified_gmt":"2012-09-06T17:17:57","slug":"25-jahriges-bestehen-der-elterngruppe-traunstein","status":"publish","type":"post","link":"https:\/\/junge-herzen-bayern.com\/?p=220","title":{"rendered":"Elternseminartag anl\u00e4sslich des 25-j\u00e4hrigen Bestehens der Elterngruppe Traunstein"},"content":{"rendered":"<p>Liebe Herzkindeltern,<\/p>\n<p>hiermit m\u00f6chten wir Euch auf eine sehr interessante Veranstaltung aufmerksam machen:<\/p>\n<p>ein Seminartag der Herzkindstiftung und der LAGH anl\u00e4sslich des 25-j\u00e4hrigen Bestehens der Elterngruppe Traunstein.<\/p>\n<p><strong>Ort<\/strong>: M\u00fcnchen<\/p>\n<p><strong>Termin<\/strong>: 15.09.2012<\/p>\n<p>N\u00e4heres k\u00f6nnt Ihr dieser PDF-Datei entnehmen:<\/p>\n<p><a href=\"http:\/\/www.kinderherzstiftung.de\/downloads_termine\/muenchen.pdf\">http:\/\/www.kinderherzstiftung.de\/downloads_termine\/muenchen.pdf<\/a><\/p>\n","protected":false},"excerpt":{"rendered":"<p>Liebe Herzkindeltern, hiermit m\u00f6chten wir Euch auf eine sehr interessante Veranstaltung aufmerksam machen: ein Seminartag der Herzkindstiftung und der LAGH anl\u00e4sslich des 25-j\u00e4hrigen Bestehens der Elterngruppe Traunstein. Ort: M\u00fcnchen Termin: 15.09.2012 N\u00e4heres k\u00f6nnt Ihr dieser PDF-Datei entnehmen: http:\/\/www.kinderherzstiftung.de\/downloads_termine\/muenchen.pdf<\/p>\n","protected":false},"author":1,"featured_media":0,"comment_status":"open","ping_status":"open","sticky":false,"template":"","format":"standard","meta":{"footnotes":""},"categories":[3],"tags":[],"_links":{"self":[{"href":"https:\/\/junge-herzen-bayern.com\/index.php?rest_route=\/wp\/v2\/posts\/220"}],"collection":[{"href":"https:\/\/junge-herzen-bayern.com\/index.php?rest_route=\/wp\/v2\/posts"}],"about":[{"href":"https:\/\/junge-herzen-bayern.com\/index.php?rest_route=\/wp\/v2\/types\/post"}],"author":[{"embeddable":true,"href":"https:\/\/junge-herzen-bayern.com\/index.php?rest_route=\/wp\/v2\/users\/1"}],"replies":[{"embeddable":true,"href":"https:\/\/junge-herzen-bayern.com\/index.php?rest_route=%2Fwp%2Fv2%2Fcomments&post=220"}],"version-history":[{"count":5,"href":"https:\/\/junge-herzen-bayern.com\/index.php?rest_route=\/wp\/v2\/posts\/220\/revisions"}],"predecessor-version":[{"id":222,"href":"https:\/\/junge-herzen-bayern.com\/index.php?rest_route=\/wp\/v2\/posts\/220\/revisions\/222"}],"wp:attachment":[{"href":"https:\/\/junge-herzen-bayern.com\/index.php?rest_route=%2Fwp%2Fv2%2Fmedia&parent=220"}],"wp:term":[{"taxonomy":"category","embeddable":true,"href":"https:\/\/junge-herzen-bayern.com\/index.php?rest_route=%2Fwp%2Fv2%2Fcategories&post=220"},{"taxonomy":"post_tag","embeddable":true,"href":"https:\/\/junge-herzen-bayern.com\/index.php?rest_route=%2Fwp%2Fv2%2Ftags&post=220"}],"curies":[{"name":"wp","href":"https:\/\/api.w.org\/{rel}","templated":true}]}}