{"id":227,"date":"2012-10-07T21:51:16","date_gmt":"2012-10-07T19:51:16","guid":{"rendered":"http:\/\/junge-herzen-bayern.com\/?p=227"},"modified":"2012-10-07T21:51:16","modified_gmt":"2012-10-07T19:51:16","slug":"interview-mit-kardiologie-koryphae-john-hess","status":"publish","type":"post","link":"https:\/\/junge-herzen-bayern.com\/?p=227","title":{"rendered":"Interview mit Kardiologie-Koryph\u00e4e John Hess"},"content":{"rendered":"<div>Seit 15 Jahren  leitet Professor John Hess (66) die  Kinderkardiologie am Deutschen  Herzzentrum in M\u00fcnchen. Der geb\u00fcrtige  Niederl\u00e4nder geht im Herbst  dieses Jahres in den Ruhestand. JuHBay-Mitglied und DONAUKURIER-Redakteur Marco Schneider  spricht mit dem Kinderkardiologen \u00fcber die neuesten Entwicklungen in der Herzforschung und was Hess von seinem Nachfolger erwartet.<em> Lesen Sie hier weiter:<\/em><span style=\"font-family: Arial;\"> <\/span><\/div>\n<div><a title=\"&quot;Mit gutem Gef\u00fchl bei der Arbeit&quot;\" href=\"http:\/\/www.donaukurier.de\/nachrichten\/panorama\/thema\/Mit-gutem-Gefuehl-bei-der-Arbeit;art201586,2650877\" target=\"_blank\">http:\/\/www.donaukurier.de\/nachrichten\/panorama\/thema\/Mit-gutem-Gefuehl-bei-der-Arbeit;art201586,2650877<\/a><\/div>\n<div>Zum Thema:<\/div>\n<div>Einf\u00fchlsame Einblicke in das &#8222;Leben mit der Bauchmaschine&#8220; gibt Marco Schneider in seiner Reportage \u00fcber einen Jungen mit angeborenem Herzfehler, der am Deutschen Herzzentrum betreut wird. <span style=\"font-family: Arial; font-size: small;\"><em>Lesen Sie  hier weiter:<\/em><\/span><\/div>\n<p><a title=\"Leben mit der Bauchmaschine\" href=\"http:\/\/www.donaukurier.de\/nachrichten\/panorama\/thema\/Ingolstadt-Leben-mit-der-Bauchmaschine;art201586,2650961\" target=\"_blank\">http:\/\/www.donaukurier.de\/nachrichten\/panorama\/thema\/Ingolstadt-Leben-mit-der-Bauchmaschine;art201586,2650961<\/a><\/p>\n<div><span style=\"font-family: Arial; font-size: small;\"> <\/span><span style=\"font-family: Arial; font-size: small;\"><em> <\/em><\/span><\/div>\n","protected":false},"excerpt":{"rendered":"<p>Seit 15 Jahren leitet Professor John Hess (66) die Kinderkardiologie am Deutschen Herzzentrum in M\u00fcnchen. Der geb\u00fcrtige Niederl\u00e4nder geht im Herbst dieses Jahres in den Ruhestand. JuHBay-Mitglied und DONAUKURIER-Redakteur Marco Schneider spricht mit dem Kinderkardiologen \u00fcber die neuesten Entwicklungen in &hellip; <a href=\"https:\/\/junge-herzen-bayern.com\/?p=227\">Weiterlesen <span class=\"meta-nav\">&rarr;<\/span><\/a><\/p>\n","protected":false},"author":6,"featured_media":0,"comment_status":"open","ping_status":"open","sticky":false,"template":"","format":"standard","meta":{"footnotes":""},"categories":[1],"tags":[],"_links":{"self":[{"href":"https:\/\/junge-herzen-bayern.com\/index.php?rest_route=\/wp\/v2\/posts\/227"}],"collection":[{"href":"https:\/\/junge-herzen-bayern.com\/index.php?rest_route=\/wp\/v2\/posts"}],"about":[{"href":"https:\/\/junge-herzen-bayern.com\/index.php?rest_route=\/wp\/v2\/types\/post"}],"author":[{"embeddable":true,"href":"https:\/\/junge-herzen-bayern.com\/index.php?rest_route=\/wp\/v2\/users\/6"}],"replies":[{"embeddable":true,"href":"https:\/\/junge-herzen-bayern.com\/index.php?rest_route=%2Fwp%2Fv2%2Fcomments&post=227"}],"version-history":[{"count":7,"href":"https:\/\/junge-herzen-bayern.com\/index.php?rest_route=\/wp\/v2\/posts\/227\/revisions"}],"predecessor-version":[{"id":234,"href":"https:\/\/junge-herzen-bayern.com\/index.php?rest_route=\/wp\/v2\/posts\/227\/revisions\/234"}],"wp:attachment":[{"href":"https:\/\/junge-herzen-bayern.com\/index.php?rest_route=%2Fwp%2Fv2%2Fmedia&parent=227"}],"wp:term":[{"taxonomy":"category","embeddable":true,"href":"https:\/\/junge-herzen-bayern.com\/index.php?rest_route=%2Fwp%2Fv2%2Fcategories&post=227"},{"taxonomy":"post_tag","embeddable":true,"href":"https:\/\/junge-herzen-bayern.com\/index.php?rest_route=%2Fwp%2Fv2%2Ftags&post=227"}],"curies":[{"name":"wp","href":"https:\/\/api.w.org\/{rel}","templated":true}]}}