{"id":268,"date":"2013-06-27T14:13:00","date_gmt":"2013-06-27T12:13:00","guid":{"rendered":"http:\/\/junge-herzen-bayern.com\/?p=268"},"modified":"2013-06-27T14:13:00","modified_gmt":"2013-06-27T12:13:00","slug":"vereinsausflug-am-07-07-nach-schwindegg-amvieh-theater-und-wald-der-bilder","status":"publish","type":"post","link":"https:\/\/junge-herzen-bayern.com\/?p=268","title":{"rendered":"Vereinsausflug am 07.07. nach Schwindegg: AmVieh-Theater und Wald der Bilder"},"content":{"rendered":"<div>Wir freuen uns auf unseren diesj\u00e4hrigen Ausflug am <strong>Sonntag, 07.07.<\/strong> mit allen Familien: Treffpunkt ist um 10.45 Uhr am Wald der Bilder (<a href=\"https:\/\/3c.gmx.net\/mail\/client\/dereferrer?redirectUrl=https%3A%2F%2F3c.web.de%2Fmail%2Fclient%2Fdereferrer%3FredirectUrl%3Dhttps%253A%252F%252F3c.gmx.net%252Fmail%252Fclient%252Fdereferrer%253FredirectUrl%253Dhttp%25253A%25252F%25252Fwww.wald-der-bilder.de%2526selection%253Dtfol11c5b748a0493baa%26selection%3Dtfol119e5bcd24665c00&amp;selection=tfol11cb65b220933ea7\" target=\"_blank\"><span style=\"color: #0066cc;\">www.wald-der-bilder.de<\/span><\/a>). Um 11.oo Uhr beginnt unsere F\u00fchrung \/ Schatzsuche durch den Wald. Anschlie\u00dfend gehen wir gemeinsam zum AmVieh-Theater, wo es f\u00fcr Kinder viel zu entdecken gibt, u.a. ist ein Alpakaspaziergang geplant. Au\u00dferdem ist dort, je nach nach Wetter drinnen oder im Obstgarten, f\u00fcr das leibliche Wohl gesorgt.<\/div>\n<div><\/div>\n<div>\n<div>\n<div>\n<div>Die Adresse lautet:<\/div>\n<div>AmVieh-Theater<\/div>\n<div>Schafdorn 1<\/div>\n<div>84419 Schwindegg<\/div>\n<div>Tel. 08086\/947948<\/div>\n<\/div>\n<\/div>\n<\/div>\n<div><\/div>\n<div><em>Anmeldungen (bis 1.7.) und Fragen bitte an mbrandmayer@web.de oder unter 08122\/956322<\/em><\/div>\n<div><\/div>\n<div>\n<div><\/div>\n<\/div>\n","protected":false},"excerpt":{"rendered":"<p>Wir freuen uns auf unseren diesj\u00e4hrigen Ausflug am Sonntag, 07.07. mit allen Familien: Treffpunkt ist um 10.45 Uhr am Wald der Bilder (www.wald-der-bilder.de). Um 11.oo Uhr beginnt unsere F\u00fchrung \/ Schatzsuche durch den Wald. Anschlie\u00dfend gehen wir gemeinsam zum AmVieh-Theater, &hellip; <a href=\"https:\/\/junge-herzen-bayern.com\/?p=268\">Weiterlesen <span class=\"meta-nav\">&rarr;<\/span><\/a><\/p>\n","protected":false},"author":3,"featured_media":0,"comment_status":"open","ping_status":"open","sticky":false,"template":"","format":"standard","meta":{"footnotes":""},"categories":[3],"tags":[],"_links":{"self":[{"href":"https:\/\/junge-herzen-bayern.com\/index.php?rest_route=\/wp\/v2\/posts\/268"}],"collection":[{"href":"https:\/\/junge-herzen-bayern.com\/index.php?rest_route=\/wp\/v2\/posts"}],"about":[{"href":"https:\/\/junge-herzen-bayern.com\/index.php?rest_route=\/wp\/v2\/types\/post"}],"author":[{"embeddable":true,"href":"https:\/\/junge-herzen-bayern.com\/index.php?rest_route=\/wp\/v2\/users\/3"}],"replies":[{"embeddable":true,"href":"https:\/\/junge-herzen-bayern.com\/index.php?rest_route=%2Fwp%2Fv2%2Fcomments&post=268"}],"version-history":[{"count":6,"href":"https:\/\/junge-herzen-bayern.com\/index.php?rest_route=\/wp\/v2\/posts\/268\/revisions"}],"predecessor-version":[{"id":274,"href":"https:\/\/junge-herzen-bayern.com\/index.php?rest_route=\/wp\/v2\/posts\/268\/revisions\/274"}],"wp:attachment":[{"href":"https:\/\/junge-herzen-bayern.com\/index.php?rest_route=%2Fwp%2Fv2%2Fmedia&parent=268"}],"wp:term":[{"taxonomy":"category","embeddable":true,"href":"https:\/\/junge-herzen-bayern.com\/index.php?rest_route=%2Fwp%2Fv2%2Fcategories&post=268"},{"taxonomy":"post_tag","embeddable":true,"href":"https:\/\/junge-herzen-bayern.com\/index.php?rest_route=%2Fwp%2Fv2%2Ftags&post=268"}],"curies":[{"name":"wp","href":"https:\/\/api.w.org\/{rel}","templated":true}]}}