{"id":676,"date":"2016-12-22T11:19:33","date_gmt":"2016-12-22T10:19:33","guid":{"rendered":"http:\/\/junge-herzen-bayern.com\/?p=676"},"modified":"2016-12-22T11:32:45","modified_gmt":"2016-12-22T10:32:45","slug":"wir-wuenschen-allen-freunden-und-foerderern-gesegnete-weihnachten-und-ein-schoenes-und-gesundes-neues-jahr","status":"publish","type":"post","link":"https:\/\/junge-herzen-bayern.com\/?p=676","title":{"rendered":"Wir w\u00fcnschen allen Freunden und F\u00f6rderern gesegnete Weihnachten und ein sch\u00f6nes und gesundes Neues Jahr"},"content":{"rendered":"<div class=\"bodytext editable ajaxify\" data-command=\"embedSocials\" data-url=\"http%3A%2F%2Fweihnachten.tagesspiegel.de%2Fweihnachten-von-joseph-von-eichendorff.html\" data-text=\"Weihnachten von Joseph von Eichendorff\">\n<div>\n<pre><span style=\"color: #008000;\"><a href=\"https:\/\/junge-herzen-bayern.com\/wp-content\/uploads\/2016\/12\/Tannenbaum-Kette-377_XS.jpg\"><img decoding=\"async\" loading=\"lazy\" class=\"alignnone wp-image-687\" src=\"https:\/\/junge-herzen-bayern.com\/wp-content\/uploads\/2016\/12\/Tannenbaum-Kette-377_XS-300x106.jpg\" alt=\"\" width=\"333\" height=\"119\" \/><\/a>\r\n <strong>Markt und Stra\u00dfen stehn verlassen,<\/strong><\/span><strong>\r\n<span style=\"color: #008000;\"> Still erleuchtet jedes Haus,<\/span>\r\n<span style=\"color: #008000;\"> Sinnend geh\u2019 ich durch die Gassen,<\/span>\r\n<span style=\"color: #008000;\"> Alles sieht so festlich aus.<\/span>\r\n\r\n <span style=\"color: #008000;\">An den Fenstern haben Frauen<\/span>\r\n<span style=\"color: #008000;\"> Buntes Spielzeug fromm geschm\u00fcckt,<\/span>\r\n<span style=\"color: #008000;\"> Tausend Kindlein stehn und schauen,<\/span>\r\n<span style=\"color: #008000;\"> Sind so wunderstill begl\u00fcckt.<\/span>\r\n\r\n <span style=\"color: #008000;\">Und ich wandre aus den Mauern<\/span>\r\n<span style=\"color: #008000;\"> Bis hinaus in\u2019s freie Feld,<\/span>\r\n<span style=\"color: #008000;\"> Hehres Gl\u00e4nzen, heil\u2019ges Schauern!<\/span>\r\n<span style=\"color: #008000;\"> Wie so weit und still die Welt!<\/span>\r\n\r\n <span style=\"color: #008000;\">Sterne hoch die Kreise schlingen,<\/span>\r\n<span style=\"color: #008000;\"> Aus des Schneees Einsamkeit<\/span>\r\n<span style=\"color: #008000;\"> Steigt\u2019s wie wunderbares Singen \u2013<\/span>\r\n<span style=\"color: #008000;\"> O du gnadenreiche Zeit!<\/span>\r\n<\/strong>\r\nJoseph von Eichendorff<\/pre>\n<\/div>\n<\/div>\n<p>Auch wir m\u00f6chten in dieser Zeit kurz innehalten und uns bei allen Spendern und F\u00f6rderern bedanken, die uns im letzten Jahr in irgendeiner Weise unterst\u00fctzt haben.<\/p>\n<p>Aktuell sagen wir allen Spendern Danke, die uns im Rahmen der Spendenaktion &#8222;Licht in die Herzen&#8220; des M\u00fcnchner Merkur bedenken. Au\u00dferdem wurden stattliche 450 Euro und damit ein Teil des Erl\u00f6ses des Jubil\u00e4ums-Flohmarkts in W\u00f6rth im Landkreis Erding den Jungen Herzen Bayern gespendet. Schon im Sommer durfte sich der Verein \u00fcber eine gro\u00dfz\u00fcgige Spende von 830 Euro der Altenerdinger Landfrauen freuen, die mit dem Verkauf der Kr\u00e4uterbuschen an Maria Himmelfahrt flei\u00dfig Geld gesammelt haben.<\/p>\n","protected":false},"excerpt":{"rendered":"<p>Markt und Stra\u00dfen stehn verlassen, Still erleuchtet jedes Haus, Sinnend geh\u2019 ich durch die Gassen, Alles sieht so festlich aus. An den Fenstern haben Frauen Buntes Spielzeug fromm geschm\u00fcckt, Tausend Kindlein stehn und schauen, Sind so wunderstill begl\u00fcckt. Und ich &hellip; <a href=\"https:\/\/junge-herzen-bayern.com\/?p=676\">Weiterlesen <span class=\"meta-nav\">&rarr;<\/span><\/a><\/p>\n","protected":false},"author":3,"featured_media":0,"comment_status":"open","ping_status":"open","sticky":false,"template":"","format":"standard","meta":{"footnotes":""},"categories":[3],"tags":[],"_links":{"self":[{"href":"https:\/\/junge-herzen-bayern.com\/index.php?rest_route=\/wp\/v2\/posts\/676"}],"collection":[{"href":"https:\/\/junge-herzen-bayern.com\/index.php?rest_route=\/wp\/v2\/posts"}],"about":[{"href":"https:\/\/junge-herzen-bayern.com\/index.php?rest_route=\/wp\/v2\/types\/post"}],"author":[{"embeddable":true,"href":"https:\/\/junge-herzen-bayern.com\/index.php?rest_route=\/wp\/v2\/users\/3"}],"replies":[{"embeddable":true,"href":"https:\/\/junge-herzen-bayern.com\/index.php?rest_route=%2Fwp%2Fv2%2Fcomments&post=676"}],"version-history":[{"count":12,"href":"https:\/\/junge-herzen-bayern.com\/index.php?rest_route=\/wp\/v2\/posts\/676\/revisions"}],"predecessor-version":[{"id":689,"href":"https:\/\/junge-herzen-bayern.com\/index.php?rest_route=\/wp\/v2\/posts\/676\/revisions\/689"}],"wp:attachment":[{"href":"https:\/\/junge-herzen-bayern.com\/index.php?rest_route=%2Fwp%2Fv2%2Fmedia&parent=676"}],"wp:term":[{"taxonomy":"category","embeddable":true,"href":"https:\/\/junge-herzen-bayern.com\/index.php?rest_route=%2Fwp%2Fv2%2Fcategories&post=676"},{"taxonomy":"post_tag","embeddable":true,"href":"https:\/\/junge-herzen-bayern.com\/index.php?rest_route=%2Fwp%2Fv2%2Ftags&post=676"}],"curies":[{"name":"wp","href":"https:\/\/api.w.org\/{rel}","templated":true}]}}