{"id":806,"date":"2018-01-11T21:18:46","date_gmt":"2018-01-11T20:18:46","guid":{"rendered":"http:\/\/junge-herzen-bayern.com\/?p=806"},"modified":"2018-01-11T21:20:57","modified_gmt":"2018-01-11T20:20:57","slug":"juhbay-reiterwoche-in-den-pfingstferien","status":"publish","type":"post","link":"https:\/\/junge-herzen-bayern.com\/?p=806","title":{"rendered":"JuHBay Reiterwoche in den Pfingstferien"},"content":{"rendered":"<p>Wir laden alle Kinder und Jugendliche mit einem angeborenen Herzfehler zwischen 7-12 Jahren zu einer Reiterwoche ein. Die Ferienfreizeit findet vom 22.-27. Mai auf dem Ponyhof St. Margarethen in Brannenburg (Inntal) statt. Auf dem R\u00fccken der gutm\u00fctigen Pferde und mit medizinischer Begleitung k\u00f6nnen auch Kinder mit komplexen Herzfehlern einige unvergessliche Ferientage am Fu\u00dfe des Wendelsteins verleben. Nat\u00fcrlich gibt es auch ein spannendes Rahmenprogramm.<\/p>\n<p><strong>Wann: 22.-27. Mai<\/strong><\/p>\n<p><a href=\"https:\/\/www.ponyreithof.de\/\"><strong>Wo: Ponyreithof St. Margarethen, 83098 Brannenburg<\/strong><\/a><\/p>\n<p>Weitere Informationen und Details zur Anmeldung finden sich im <a href=\"https:\/\/junge-herzen-bayern.com\/wp-content\/uploads\/2018\/01\/Reiterwoche_2018.pdf\">Flyer<\/a>.<\/p>\n","protected":false},"excerpt":{"rendered":"<p>Wir laden alle Kinder und Jugendliche mit einem angeborenen Herzfehler zwischen 7-12 Jahren zu einer Reiterwoche ein. Die Ferienfreizeit findet vom 22.-27. Mai auf dem Ponyhof St. Margarethen in Brannenburg (Inntal) statt. Auf dem R\u00fccken der gutm\u00fctigen Pferde und mit &hellip; <a href=\"https:\/\/junge-herzen-bayern.com\/?p=806\">Weiterlesen <span class=\"meta-nav\">&rarr;<\/span><\/a><\/p>\n","protected":false},"author":3,"featured_media":0,"comment_status":"open","ping_status":"open","sticky":false,"template":"","format":"standard","meta":{"footnotes":""},"categories":[3],"tags":[],"_links":{"self":[{"href":"https:\/\/junge-herzen-bayern.com\/index.php?rest_route=\/wp\/v2\/posts\/806"}],"collection":[{"href":"https:\/\/junge-herzen-bayern.com\/index.php?rest_route=\/wp\/v2\/posts"}],"about":[{"href":"https:\/\/junge-herzen-bayern.com\/index.php?rest_route=\/wp\/v2\/types\/post"}],"author":[{"embeddable":true,"href":"https:\/\/junge-herzen-bayern.com\/index.php?rest_route=\/wp\/v2\/users\/3"}],"replies":[{"embeddable":true,"href":"https:\/\/junge-herzen-bayern.com\/index.php?rest_route=%2Fwp%2Fv2%2Fcomments&post=806"}],"version-history":[{"count":6,"href":"https:\/\/junge-herzen-bayern.com\/index.php?rest_route=\/wp\/v2\/posts\/806\/revisions"}],"predecessor-version":[{"id":813,"href":"https:\/\/junge-herzen-bayern.com\/index.php?rest_route=\/wp\/v2\/posts\/806\/revisions\/813"}],"wp:attachment":[{"href":"https:\/\/junge-herzen-bayern.com\/index.php?rest_route=%2Fwp%2Fv2%2Fmedia&parent=806"}],"wp:term":[{"taxonomy":"category","embeddable":true,"href":"https:\/\/junge-herzen-bayern.com\/index.php?rest_route=%2Fwp%2Fv2%2Fcategories&post=806"},{"taxonomy":"post_tag","embeddable":true,"href":"https:\/\/junge-herzen-bayern.com\/index.php?rest_route=%2Fwp%2Fv2%2Ftags&post=806"}],"curies":[{"name":"wp","href":"https:\/\/api.w.org\/{rel}","templated":true}]}}