{"id":880,"date":"2018-06-17T21:48:47","date_gmt":"2018-06-17T19:48:47","guid":{"rendered":"http:\/\/junge-herzen-bayern.com\/?p=880"},"modified":"2018-06-17T21:54:10","modified_gmt":"2018-06-17T19:54:10","slug":"task-force-notfall-kinderintensivpflege","status":"publish","type":"post","link":"https:\/\/junge-herzen-bayern.com\/?p=880","title":{"rendered":"Task Force &#8222;Notfall Kinderintensivpflege&#8220;"},"content":{"rendered":"<p>Gemeinsam mit dem Aktionsb\u00fcndnis AHF und dem Kindernetzwerk hat der BVHK eine Task Force &#8222;Notfall Kinderintensivpflege&#8220; gegr\u00fcndet und einen Brandbrief unter anderem an die Bundesregierung und Gesundheitsminister Jens Spahn geschickt. Darin geht es um den Pflegenotstand, der auch viele Kinderintensivstationen betrifft und zu zum Teil dramatischen Situationen in der Kinderherzchirurgie f\u00fchrt. Der gemeinsame Appell enth\u00e4lt eine Reihe von Ma\u00dfnahmen, die die oft lebensbedrohlichen Situationen vermeiden sollen. Details dazu im <a href=\"https:\/\/junge-herzen-bayern.com\/wp-content\/uploads\/2018\/06\/Notfall-Kinderintensivpflege-Brandbrief1.pdf\">Brandbrief Notfall Kinderintensivpflege<\/a>.<\/p>\n<p>Die Task Force plant weitere Kampagnen, um das Problem mittel- bzw. langfristig zu lindern. Parallel dazu dauern auf Initiative des BVHK die Beratungen im Gemeinsamen Bundesausschuss an, um dort kurzfristige Ma\u00dfnahmen zu erreichen.<\/p>\n<p>Wer Interesse hat, kann sich der Task Force &#8222;Notfall Kinderintensivpflege&#8220; anschlie\u00dfen. Das n\u00e4chste Treffen findet am 20.06.2018 in K\u00f6ln statt.<\/p>\n<p>Mehr Infos zu diesem Thema: <a href=\"https:\/\/www.bvhk.de\/mangel-an-pflegepersonal_brandbrief\/\" target=\"_blank\" rel=\"noopener noreferrer\"> https:\/\/www.bvhk.de\/mangel-an-pflegepersonal_brandbrief\/<\/a> und <a href=\"https:\/\/www.facebook.com\/herzkranke.kinder\/\" target=\"_blank\" rel=\"noopener noreferrer\">https:\/\/www.facebook.com\/herzkranke.kinder\/<\/a><\/p>\n","protected":false},"excerpt":{"rendered":"<p>Gemeinsam mit dem Aktionsb\u00fcndnis AHF und dem Kindernetzwerk hat der BVHK eine Task Force &#8222;Notfall Kinderintensivpflege&#8220; gegr\u00fcndet und einen Brandbrief unter anderem an die Bundesregierung und Gesundheitsminister Jens Spahn geschickt. Darin geht es um den Pflegenotstand, der auch viele Kinderintensivstationen &hellip; <a href=\"https:\/\/junge-herzen-bayern.com\/?p=880\">Weiterlesen <span class=\"meta-nav\">&rarr;<\/span><\/a><\/p>\n","protected":false},"author":3,"featured_media":0,"comment_status":"open","ping_status":"open","sticky":false,"template":"","format":"standard","meta":{"footnotes":""},"categories":[3],"tags":[],"_links":{"self":[{"href":"https:\/\/junge-herzen-bayern.com\/index.php?rest_route=\/wp\/v2\/posts\/880"}],"collection":[{"href":"https:\/\/junge-herzen-bayern.com\/index.php?rest_route=\/wp\/v2\/posts"}],"about":[{"href":"https:\/\/junge-herzen-bayern.com\/index.php?rest_route=\/wp\/v2\/types\/post"}],"author":[{"embeddable":true,"href":"https:\/\/junge-herzen-bayern.com\/index.php?rest_route=\/wp\/v2\/users\/3"}],"replies":[{"embeddable":true,"href":"https:\/\/junge-herzen-bayern.com\/index.php?rest_route=%2Fwp%2Fv2%2Fcomments&post=880"}],"version-history":[{"count":6,"href":"https:\/\/junge-herzen-bayern.com\/index.php?rest_route=\/wp\/v2\/posts\/880\/revisions"}],"predecessor-version":[{"id":887,"href":"https:\/\/junge-herzen-bayern.com\/index.php?rest_route=\/wp\/v2\/posts\/880\/revisions\/887"}],"wp:attachment":[{"href":"https:\/\/junge-herzen-bayern.com\/index.php?rest_route=%2Fwp%2Fv2%2Fmedia&parent=880"}],"wp:term":[{"taxonomy":"category","embeddable":true,"href":"https:\/\/junge-herzen-bayern.com\/index.php?rest_route=%2Fwp%2Fv2%2Fcategories&post=880"},{"taxonomy":"post_tag","embeddable":true,"href":"https:\/\/junge-herzen-bayern.com\/index.php?rest_route=%2Fwp%2Fv2%2Ftags&post=880"}],"curies":[{"name":"wp","href":"https:\/\/api.w.org\/{rel}","templated":true}]}}