{"id":895,"date":"2018-07-23T22:02:39","date_gmt":"2018-07-23T20:02:39","guid":{"rendered":"http:\/\/junge-herzen-bayern.com\/?p=895"},"modified":"2019-01-26T11:49:12","modified_gmt":"2019-01-26T10:49:12","slug":"kidstumove-sommercamp-und-sportangebote-in-muenchen","status":"publish","type":"post","link":"https:\/\/junge-herzen-bayern.com\/?p=895","title":{"rendered":"kidsTUMove &#8211; Sommercamp und Sportangebote in M\u00fcnchen"},"content":{"rendered":"<p>Ziel von <i>kidsTUMove<\/i> ist es Kindern und Jugendlichen mit angeborenem Herzfehler und anderen chronischen Erkrankung den Zugang zu Sport und Bewegung zu erm\u00f6glichen und somit die Gesundheit, die Lebensqualit\u00e4t und das Selbstbewusstsein der betroffenen Kinder zu f\u00f6rdern. Neben der integrativen Sportgruppe <a href=\"https:\/\/junge-herzen-bayern.com\/wp-content\/uploads\/2018\/07\/Flyer_kidsTUMove_KTU1.pdf\">Move it <\/a>ist ein Baustein dieses Projekts das <a href=\"https:\/\/junge-herzen-bayern.com\/wp-content\/uploads\/2018\/07\/Flyer-KidsTUMove-Sommercamp-2018-17-5-181.pdf\">KidsTUMove Sommercamp<\/a>. Das Sommercamp 2018 findet vom 6.-11.8. 2018 in Unterhaching statt.<\/p>\n<p>Das Angebot der Mitarbeiter des Lehrstuhls f\u00fcr Pr\u00e4ventive P\u00e4diatrie an der Fakult\u00e4t f\u00fcr Sport- und Gesundheitswissenschaft (Technische Universit\u00e4t M\u00fcnchen) richtet sich an <b>alle<\/b> Kinder und Jugendliche (insbesondere auch nach chronischen Erkrankungen wie: \u00dcbergewicht, Bluthochdruck, kardiologische Erkrankungen, onkologische Erkrankungen) zwischen 4 und 17 Jahren aber auch an gesunde Geschwister und Freunde.<\/p>\n<p>Weitere Informationen zu den Angeboten und Kursen auf der <a href=\"https:\/\/www.kidstumove.sg.tum.de\/index.php?id=17&amp;L=0\">Website der TU M\u00fcnchen.<\/a><\/p>\n<p>&nbsp;<\/p>\n","protected":false},"excerpt":{"rendered":"<p>Ziel von kidsTUMove ist es Kindern und Jugendlichen mit angeborenem Herzfehler und anderen chronischen Erkrankung den Zugang zu Sport und Bewegung zu erm\u00f6glichen und somit die Gesundheit, die Lebensqualit\u00e4t und das Selbstbewusstsein der betroffenen Kinder zu f\u00f6rdern. Neben der integrativen &hellip; <a href=\"https:\/\/junge-herzen-bayern.com\/?p=895\">Weiterlesen <span class=\"meta-nav\">&rarr;<\/span><\/a><\/p>\n","protected":false},"author":3,"featured_media":0,"comment_status":"open","ping_status":"open","sticky":false,"template":"","format":"standard","meta":{"footnotes":""},"categories":[3],"tags":[],"_links":{"self":[{"href":"https:\/\/junge-herzen-bayern.com\/index.php?rest_route=\/wp\/v2\/posts\/895"}],"collection":[{"href":"https:\/\/junge-herzen-bayern.com\/index.php?rest_route=\/wp\/v2\/posts"}],"about":[{"href":"https:\/\/junge-herzen-bayern.com\/index.php?rest_route=\/wp\/v2\/types\/post"}],"author":[{"embeddable":true,"href":"https:\/\/junge-herzen-bayern.com\/index.php?rest_route=\/wp\/v2\/users\/3"}],"replies":[{"embeddable":true,"href":"https:\/\/junge-herzen-bayern.com\/index.php?rest_route=%2Fwp%2Fv2%2Fcomments&post=895"}],"version-history":[{"count":4,"href":"https:\/\/junge-herzen-bayern.com\/index.php?rest_route=\/wp\/v2\/posts\/895\/revisions"}],"predecessor-version":[{"id":992,"href":"https:\/\/junge-herzen-bayern.com\/index.php?rest_route=\/wp\/v2\/posts\/895\/revisions\/992"}],"wp:attachment":[{"href":"https:\/\/junge-herzen-bayern.com\/index.php?rest_route=%2Fwp%2Fv2%2Fmedia&parent=895"}],"wp:term":[{"taxonomy":"category","embeddable":true,"href":"https:\/\/junge-herzen-bayern.com\/index.php?rest_route=%2Fwp%2Fv2%2Fcategories&post=895"},{"taxonomy":"post_tag","embeddable":true,"href":"https:\/\/junge-herzen-bayern.com\/index.php?rest_route=%2Fwp%2Fv2%2Ftags&post=895"}],"curies":[{"name":"wp","href":"https:\/\/api.w.org\/{rel}","templated":true}]}}