{"id":914,"date":"2018-10-12T11:51:57","date_gmt":"2018-10-12T09:51:57","guid":{"rendered":"http:\/\/junge-herzen-bayern.com\/?p=914"},"modified":"2018-10-12T11:59:03","modified_gmt":"2018-10-12T09:59:03","slug":"das-muessen-wir-unbedingt-noch-einmal-machen","status":"publish","type":"post","link":"https:\/\/junge-herzen-bayern.com\/?p=914","title":{"rendered":"Das m\u00fcssen wir unbedingt noch einmal machen!"},"content":{"rendered":"<h2><i><span style=\"font-size: medium;\">1. Schwimmfreizeit der Jungen Herzen Bayern \u2013 1.\u20136. Sept. 2018 im Irmengardhof in Mitterndorf am Chiemsee<\/span><\/i><\/h2>\n<div id=\"attachment_920\" style=\"width: 310px\" class=\"wp-caption alignnone\"><a href=\"https:\/\/junge-herzen-bayern.com\/wp-content\/uploads\/2018\/10\/DSCN2808_Gruppenbild-Prienavera_klein.jpg\"><img aria-describedby=\"caption-attachment-920\" decoding=\"async\" loading=\"lazy\" class=\"wp-image-920 size-medium\" src=\"https:\/\/junge-herzen-bayern.com\/wp-content\/uploads\/2018\/10\/DSCN2808_Gruppenbild-Prienavera_klein-300x225.jpg\" alt=\"\" width=\"300\" height=\"225\" srcset=\"https:\/\/junge-herzen-bayern.com\/wp-content\/uploads\/2018\/10\/DSCN2808_Gruppenbild-Prienavera_klein-300x225.jpg 300w, https:\/\/junge-herzen-bayern.com\/wp-content\/uploads\/2018\/10\/DSCN2808_Gruppenbild-Prienavera_klein-768x576.jpg 768w, https:\/\/junge-herzen-bayern.com\/wp-content\/uploads\/2018\/10\/DSCN2808_Gruppenbild-Prienavera_klein.jpg 864w\" sizes=\"(max-width: 300px) 100vw, 300px\" \/><\/a><p id=\"caption-attachment-920\" class=\"wp-caption-text\">Alle begeisterten Teilnehmer der Schwimmfreizeit<\/p><\/div>\n<p>\u201eM\u00fcssen wir wirklich schon heim?&#8220; Schon etwas m\u00fcde, aber sehr gl\u00fccklich sitzt mein Sohn vor mir und versucht noch eine Runde im Lego-Zimmer, eine Kickereinheit in der Tenne oder einmal Schwimmen im \u201ePrienavera&#8220; m\u00f6glich zu machen<\/p>\n<p>So wie bei uns, lief es am Abreisetag wahrscheinlich auch bei den anderen acht Familien ab, die bei der ersten Schwimmfreizeit der Jungen Herzen Bayern auf dem Irmengardhof in Mitterndorf bei Gstadt am Chiemsee dabei waren. Hervorragend organisiert wurden die f\u00fcnf Tage vom 1. Vorstand Michael Brandmayer und v.a. von seiner Frau Bettina.<\/p>\n<p>Von 1. \u2013 6. September verbrachte die rund 40 Personen starke Gruppe eine sehr abwechslungsreiche Freizeit. Jeder Tag begann \u2013 nach einem kr\u00e4ftigen Fr\u00fchst\u00fcck \u2013 mit dem\u00a0Schwimmkurs im \u201ePrienavera&#8220;\/Prien: Babyschwimmen, Anf\u00e4nger, Fortgeschrittene und Kraulen hie\u00dfen die vier Gruppen. Die Wassertemperatur war f\u00fcr die Herzkinder \u2013 und auch f\u00fcr Geschwister und Eltern \u2013 sehr angenehm. Kompetente und herzliche Schwimmlehrer von der Wasserwacht Prien und der Schwimmschule Fitness und Wellness im Wasser vermittelten geschickt das Lernziel. Am Ende konnten einige \u201eJunge Herzen&#8220; und Geschwister sogar mit Seepferdchen und Bronzenem Schwimmabzeichen gl\u00e4nzen.<\/p>\n<p><!--more--><\/p>\n<div id=\"attachment_918\" style=\"width: 235px\" class=\"wp-caption alignright\"><a href=\"https:\/\/junge-herzen-bayern.com\/wp-content\/uploads\/2018\/10\/20180905_125218_Alex_Wenk_klein.jpg\"><img aria-describedby=\"caption-attachment-918\" decoding=\"async\" loading=\"lazy\" class=\"size-medium wp-image-918\" src=\"https:\/\/junge-herzen-bayern.com\/wp-content\/uploads\/2018\/10\/20180905_125218_Alex_Wenk_klein-225x300.jpg\" alt=\"\" width=\"225\" height=\"300\" srcset=\"https:\/\/junge-herzen-bayern.com\/wp-content\/uploads\/2018\/10\/20180905_125218_Alex_Wenk_klein-225x300.jpg 225w, https:\/\/junge-herzen-bayern.com\/wp-content\/uploads\/2018\/10\/20180905_125218_Alex_Wenk_klein-768x1024.jpg 768w, https:\/\/junge-herzen-bayern.com\/wp-content\/uploads\/2018\/10\/20180905_125218_Alex_Wenk_klein.jpg 873w\" sizes=\"(max-width: 225px) 100vw, 225px\" \/><\/a><p id=\"caption-attachment-918\" class=\"wp-caption-text\">Olympia-Schwimmerin Alex Wenk mit\u00a0Evi Vielhuber und Michael Brandmayer von den Jungen Herzen \u00a0Bayern<\/p><\/div>\n<p>&nbsp;<\/p>\n<p>Besonderer Ansporn war mit Sicherheit der Besuch der <span style=\"font-family: Calibri;\"><span style=\"font-size: medium;\"><strong>Olympiateilnehmerin Alexandra Wenk<\/strong> <\/span><\/span>(amtierende deutsche Meisterin \u00fcber 50 und 100 m Schmetterling, 2012 Gold bei den Europameisterschaften in 4 x 100 m-Lagen-Staffel). Nach einem gemeinsamen Mittagessen im Irmengardhof signierte \u201edie Alex&#8220; Badekappen f\u00fcr die Kinder, die den Rest der Freizeit zum Teil sehr stolz im und auch au\u00dferhalb des Wassers getragen wurden.<\/p>\n<p>Ein <span style=\"font-family: Calibri;\"><span style=\"font-size: medium;\"><strong>Besuch der Wasserwacht<\/strong> <\/span><\/span>in Seebruck vertiefte das Thema \u201eWasser&#8220; nochmals. Tom, Mitglied der dortigen Wasserwacht, nahm sich viel Zeit. Bei einem Rundgang durch das Bootshaus erl\u00e4uterte er die Aufgaben der Wasserwacht und deren Arbeitsabl\u00e4ufe. Erstmals konnte eine Jugendgruppe das neue \u2013 eigens f\u00fcr den Chiemsee gebaute und patentierte \u2013 Rettungsboot besichtigen (inklusive Blick unter die Motorhaube!). Highlight aber war die Fahrt mit dem Wasserwacht-Schlauchboot; auch wenn die gef\u00fchlten \u201emindestens 85 km\/h&#8220; tats\u00e4chlich nur gute 25 waren: Wie der Blitz ging es \u00fcber den Chiemsee, wurden die eigenen Wellen gekreuzt \u2026 Ein wilder Ritt f\u00fcr kleine Helden! <span lang=\"ZH-TW\"><span lang=\"ZH-TW\">\uf04a <\/span><\/span><\/p>\n<p>Ein weiterer H\u00f6hepunkt war der Ausflug in die <span style=\"font-family: Calibri;\"><span style=\"font-size: medium;\"><strong>Kletterhalle nach Rosenheim<\/strong>. <\/span><\/span>Begleitet von einem Arzt und dem Betreuerteam des Irmengardhofs \u2013 das hei\u00dft ohne Eltern! \u2013 durften die Kinder und Jugendlichen gut gesichert ihr K\u00f6nnen an der Kletterwand versuchen. Ein enormes Training f\u00fcr Motorik und Gleichgewichtssinn, ein Schub f\u00fcrs Selbstbewusstsein. Techniktipps gab es von ausgebildeten Kletterlehrern. Sehr m\u00fcde und sehr stolz waren die Heimkehrer am Abend dieses Tages.<\/p>\n<p><span style=\"font-family: Calibri;\"><span style=\"font-size: medium;\">F\u00fcr die Eltern fanden <strong>zwei Arztvortr\u00e4ge <\/strong><\/span><\/span>statt, mit hochrangigen Referenten vom Kinderherzzentrum M\u00fcnchen bzw. der Rehaklinik Vogtareuth. Prof. Dr. Dr. Harald Kaemmerer referierte \u00fcber Schwangerschaft und Sexualit\u00e4t bei JEMAHS. Weiters berichtete er von den m\u00fchevollen Bestrebungen deren \u00e4rztliche Versorgungssituation zu verbessern. Dr. Milka Pringsheim berichtete \u00fcber neurologische Auff\u00e4lligkeiten bei Kindern mit angeborenen Herzfehlern. Beide Vortr\u00e4ge stie\u00dfen bei den Eltern auf reges Interesse. Beide Mediziner nahmen sich viel Zeit f\u00fcr Fragen. <span style=\"font-size: medium;\"><a href=\"https:\/\/junge-herzen-bayern.com\/wp-content\/uploads\/2018\/10\/20180906_131732_JuHBay-Irmengardhof_klein.jpg\"><img decoding=\"async\" loading=\"lazy\" class=\"size-medium wp-image-919 alignright\" src=\"https:\/\/junge-herzen-bayern.com\/wp-content\/uploads\/2018\/10\/20180906_131732_JuHBay-Irmengardhof_klein-225x300.jpg\" alt=\"\" width=\"225\" height=\"300\" srcset=\"https:\/\/junge-herzen-bayern.com\/wp-content\/uploads\/2018\/10\/20180906_131732_JuHBay-Irmengardhof_klein-225x300.jpg 225w, https:\/\/junge-herzen-bayern.com\/wp-content\/uploads\/2018\/10\/20180906_131732_JuHBay-Irmengardhof_klein-768x1024.jpg 768w, https:\/\/junge-herzen-bayern.com\/wp-content\/uploads\/2018\/10\/20180906_131732_JuHBay-Irmengardhof_klein.jpg 873w\" sizes=\"(max-width: 225px) 100vw, 225px\" \/><\/a><\/span><\/p>\n<p>In der programmfreien Zeit bot die Unterkunft<span style=\"font-family: Calibri;\"><span style=\"font-size: medium;\">, der <\/span><span style=\"font-size: medium;\"><a href=\"http:\/\/www.bjoern-schulz-stiftung.de\/irmengard-hof-187.html\"><b>Irmengardhof <\/b><\/a><\/span><span style=\"font-size: medium;\">der <\/span><\/span>Bj\u00f6rn-Schulz-Stiftung in Mitterndorf, ein optimales Zuhause.<\/p>\n<p>Viel Raum, viel Natur, viele M\u00f6glichkeiten boten sich Kindern und Eltern. Von Tischtennis \u00fcber Trampolin und Billard bis hin zu \u00c4pfelpfl\u00fccken und Eselputzen, oder auch nur einfach Rumtoben oder Faulenzen. F\u00fcr alles fand sich ein geeignetes (und sicheres) Fleckchen auf dem weitl\u00e4ufigen Gel\u00e4nde. Ein Spaziergang, eine Runde auf oder im See \u2013 auch das war problemlos und leicht umsetzbar.<\/p>\n<p>F\u00fcr die Kinder stand ein liebevolles und kompetentes <span style=\"font-family: Calibri;\"><span style=\"font-size: medium;\"><strong>Betreuerteam<\/strong>, <\/span><\/span>bestehend aus Sozialp\u00e4dagogen und Ehrenamtlichen bereit. Neben Lagerfeuer und Kinoabend gestalteten diese auch die Kennenlernrunde und den Abschluss f\u00fcr die Familien.<\/p>\n<p>Am Ende der Freizeit stand f\u00fcr alle fest, dass die f\u00fcnf Tage am Chiemsee eine <strong>sehr wertvolle Zeit <\/strong>gewesen waren. Eine Zeit voll sch\u00f6ner Eindr\u00fccke und Erlebnisse, eine Zeit voller Kinderabenteuer und eine M\u00f6glichkeit angenehme, heitere und auch ernste Gespr\u00e4che zu f\u00fchren.<\/p>\n<p>Besonders danken m\u00f6chten die Jungen Herzen Bayern allen, die diese Freizeit m\u00f6glich gemacht haben:<\/p>\n<p>Firma Papier Karl, H\u00f6rlkofen<\/p>\n<p>Dr. Gert Geiger f\u00fcr die medizinische Begleitung der Schwimmfreizeit<\/p>\n<p>Frau Birigt Anzer, Schwimmschule Fitness und Wellness im Wasser<\/p>\n<p>Wasserwacht Prien<\/p>\n<p>Wasserwacht Seebruck<\/p>\n<p>Prof. Dr. Dr. Harald K\u00e4mmerer und Dr. Milka Pringsheim des DHZ M\u00fcnchen f\u00fcr ihre Vortr\u00e4ge<\/p>\n<p>Christine Franz, Yogalehrerin des Studio 108, H\u00f6rlkofen<\/p>\n<p>Alexandra Wenk, f\u00fcr ihren Besuch<\/p>\n<p>dem gesamten Team des Irmengardhofs<\/p>\n<p>und last but not least: unseren beiden \u201echefs de cuisine&#8220; Tobias und Thomas \u2013 you did a great job!<\/p>\n<p>&nbsp;<\/p>\n<p><strong>Die Schwimmfreizeit 2019 findet statt vom 14. \u2013 21. Juni<\/strong><\/p>\n<p>&nbsp;<\/p>\n","protected":false},"excerpt":{"rendered":"<p>1. Schwimmfreizeit der Jungen Herzen Bayern \u2013 1.\u20136. Sept. 2018 im Irmengardhof in Mitterndorf am Chiemsee \u201eM\u00fcssen wir wirklich schon heim?&#8220; Schon etwas m\u00fcde, aber sehr gl\u00fccklich sitzt mein Sohn vor mir und versucht noch eine Runde im Lego-Zimmer, eine &hellip; <a href=\"https:\/\/junge-herzen-bayern.com\/?p=914\">Weiterlesen <span class=\"meta-nav\">&rarr;<\/span><\/a><\/p>\n","protected":false},"author":3,"featured_media":0,"comment_status":"open","ping_status":"open","sticky":false,"template":"","format":"standard","meta":{"footnotes":""},"categories":[3],"tags":[],"_links":{"self":[{"href":"https:\/\/junge-herzen-bayern.com\/index.php?rest_route=\/wp\/v2\/posts\/914"}],"collection":[{"href":"https:\/\/junge-herzen-bayern.com\/index.php?rest_route=\/wp\/v2\/posts"}],"about":[{"href":"https:\/\/junge-herzen-bayern.com\/index.php?rest_route=\/wp\/v2\/types\/post"}],"author":[{"embeddable":true,"href":"https:\/\/junge-herzen-bayern.com\/index.php?rest_route=\/wp\/v2\/users\/3"}],"replies":[{"embeddable":true,"href":"https:\/\/junge-herzen-bayern.com\/index.php?rest_route=%2Fwp%2Fv2%2Fcomments&post=914"}],"version-history":[{"count":10,"href":"https:\/\/junge-herzen-bayern.com\/index.php?rest_route=\/wp\/v2\/posts\/914\/revisions"}],"predecessor-version":[{"id":927,"href":"https:\/\/junge-herzen-bayern.com\/index.php?rest_route=\/wp\/v2\/posts\/914\/revisions\/927"}],"wp:attachment":[{"href":"https:\/\/junge-herzen-bayern.com\/index.php?rest_route=%2Fwp%2Fv2%2Fmedia&parent=914"}],"wp:term":[{"taxonomy":"category","embeddable":true,"href":"https:\/\/junge-herzen-bayern.com\/index.php?rest_route=%2Fwp%2Fv2%2Fcategories&post=914"},{"taxonomy":"post_tag","embeddable":true,"href":"https:\/\/junge-herzen-bayern.com\/index.php?rest_route=%2Fwp%2Fv2%2Ftags&post=914"}],"curies":[{"name":"wp","href":"https:\/\/api.w.org\/{rel}","templated":true}]}}