{"id":980,"date":"2019-01-26T11:29:50","date_gmt":"2019-01-26T10:29:50","guid":{"rendered":"http:\/\/junge-herzen-bayern.com\/?p=980"},"modified":"2019-01-26T11:29:50","modified_gmt":"2019-01-26T10:29:50","slug":"reitspass-in-den-sommerferien-geschwister-freizeit-fuer-kinder-von-8-13-und-reiterfreizeit-fuer-jugendliche-ab-14","status":"publish","type":"post","link":"https:\/\/junge-herzen-bayern.com\/?p=980","title":{"rendered":"Reitspa\u00df in den Sommerferien: Geschwister-Freizeit f\u00fcr Kinder von 8-13 und  Reiterfreizeit f\u00fcr Jugendliche ab 14"},"content":{"rendered":"<p>Auf dem R\u00fccken\u00a0gutm\u00fctiger Pferde und mit medizinischer Begleitung k\u00f6nnen auch Kinder und Jugendliche mit komplexen Herzfehlern einige unvergessliche Ferientage am Fu\u00dfe des Wendelsteins verleben &#8211; nat\u00fcrlich wieder mit einem\u00a0spannenden Rahmenprogramm. Dieses Jahr\u00a0bieten die Jungen Herzen gleich <strong>zwei Reitfreizeiten<\/strong> in den Sommerferien an:<\/p>\n<p><strong>Geschwisterfreizeit:<\/strong> Alle Herz-Kinder von 8-13 Jahren\u00a0und ihre Geschwister laden wir zur Geschwisterfreizeit ein. Die Ferienfreizeit findet vom 23.-29. August auf dem Ponyhof St. Margarethen in Brannenburg (Inntal) statt.<\/p>\n<p>Wann: 23.-29. August<br \/>\n<a href=\"https:\/\/www.ponyreithof.de\/\">Wo: Ponyreithof St. Margarethen, 83098 Brannenburg<br \/>\n<\/a>Weitere Informationen und Details zur Anmeldung finden sich im <a href=\"https:\/\/junge-herzen-bayern.com\/wp-content\/uploads\/2019\/01\/Flyer-reiten-geschwister_2019_v3.pdf\">Flyer Geschwister<\/a>.<\/p>\n<p><strong>Reitfreizeit f\u00fcr Jugendliche<\/strong>: Eine zweite Reitfreizeit richtet sich an Jugendliche ab 14 Jahren\u00a0mit angeborenem Herzfehler.\u00a0Die Ferienfreizeit, die in Zusammenarbeit mit der Bundesvereinigung JEMAH e.V. durchgef\u00fchrt wird, ist vom\u00a023.-29. August ebenfalls auf dem Ponyhof St. Margarethen in Brannenburg (Inntal).<\/p>\n<p>Wann: 23.-29. August<br \/>\n<a href=\"https:\/\/www.ponyreithof.de\/\">Wo: Ponyreithof St. Margarethen, 83098 Brannenburg<br \/>\n<\/a>Weitere Informationen und Details zur Anmeldung finden sich im <a href=\"https:\/\/junge-herzen-bayern.com\/wp-content\/uploads\/2019\/01\/Flyer-reiten-jugend-2019_v3.pdf\">Flyer Jugendliche<\/a>.<\/p>\n","protected":false},"excerpt":{"rendered":"<p>Auf dem R\u00fccken\u00a0gutm\u00fctiger Pferde und mit medizinischer Begleitung k\u00f6nnen auch Kinder und Jugendliche mit komplexen Herzfehlern einige unvergessliche Ferientage am Fu\u00dfe des Wendelsteins verleben &#8211; nat\u00fcrlich wieder mit einem\u00a0spannenden Rahmenprogramm. Dieses Jahr\u00a0bieten die Jungen Herzen gleich zwei Reitfreizeiten in den &hellip; <a href=\"https:\/\/junge-herzen-bayern.com\/?p=980\">Weiterlesen <span class=\"meta-nav\">&rarr;<\/span><\/a><\/p>\n","protected":false},"author":3,"featured_media":0,"comment_status":"open","ping_status":"open","sticky":false,"template":"","format":"standard","meta":{"footnotes":""},"categories":[3],"tags":[],"_links":{"self":[{"href":"https:\/\/junge-herzen-bayern.com\/index.php?rest_route=\/wp\/v2\/posts\/980"}],"collection":[{"href":"https:\/\/junge-herzen-bayern.com\/index.php?rest_route=\/wp\/v2\/posts"}],"about":[{"href":"https:\/\/junge-herzen-bayern.com\/index.php?rest_route=\/wp\/v2\/types\/post"}],"author":[{"embeddable":true,"href":"https:\/\/junge-herzen-bayern.com\/index.php?rest_route=\/wp\/v2\/users\/3"}],"replies":[{"embeddable":true,"href":"https:\/\/junge-herzen-bayern.com\/index.php?rest_route=%2Fwp%2Fv2%2Fcomments&post=980"}],"version-history":[{"count":5,"href":"https:\/\/junge-herzen-bayern.com\/index.php?rest_route=\/wp\/v2\/posts\/980\/revisions"}],"predecessor-version":[{"id":987,"href":"https:\/\/junge-herzen-bayern.com\/index.php?rest_route=\/wp\/v2\/posts\/980\/revisions\/987"}],"wp:attachment":[{"href":"https:\/\/junge-herzen-bayern.com\/index.php?rest_route=%2Fwp%2Fv2%2Fmedia&parent=980"}],"wp:term":[{"taxonomy":"category","embeddable":true,"href":"https:\/\/junge-herzen-bayern.com\/index.php?rest_route=%2Fwp%2Fv2%2Fcategories&post=980"},{"taxonomy":"post_tag","embeddable":true,"href":"https:\/\/junge-herzen-bayern.com\/index.php?rest_route=%2Fwp%2Fv2%2Ftags&post=980"}],"curies":[{"name":"wp","href":"https:\/\/api.w.org\/{rel}","templated":true}]}}